{"id":68277,"date":"2018-09-27T13:47:56","date_gmt":"2018-09-27T06:47:56","guid":{"rendered":"https:\/\/football-tribe.com\/vietnam\/?p=68277"},"modified":"2018-09-26T21:49:28","modified_gmt":"2018-09-26T14:49:28","slug":"doan-van-hau-len-tieng-ve-viec-thi-dau-cho-u19-viet-nam","status":"publish","type":"post","link":"https:\/\/football-tribe.com\/vietnam\/2018\/09\/27\/doan-van-hau-len-tieng-ve-viec-thi-dau-cho-u19-viet-nam\/","title":{"rendered":"\u0110o\u00e0n V\u0103n H\u1eadu l\u00ean ti\u1ebfng v\u1ec1 vi\u1ec7c thi \u0111\u1ea5u cho U19 Vi\u1ec7t Nam"},"content":{"rendered":"<p><strong>M\u1edbi \u0111\u00e2y, h\u1eadu v\u1ec7 tr\u1ebb \u0110o\u00e0n V\u0103n H\u1eadu \u0111\u00e3 c\u00f3 nh\u1eefng ph\u00e1t bi\u1ec3u v\u1ec1 vi\u1ec7c li\u1ec7u anh s\u1ebd thi \u0111\u1ea5u cho U19 hay cho \u0110TQG Vi\u1ec7t Nam.<\/strong><\/p>\n<p>Trong qu\u00e3ng th\u1eddi gian g\u1ea7n \u0111\u00e2y, \u0110o\u00e0n V\u0103n H\u1eadu ch\u00ednh l\u00e0 m\u1ed9t trong nh\u1eefng c\u00e1i t\u00ean n\u1ed5i b\u1eadt nh\u1ea5t c\u1ee7a b\u00f3ng \u0111\u00e1 Vi\u1ec7t Nam. D\u00f9 v\u1eeba m\u1edbi b\u01b0\u1edbc sang tu\u1ed5i 20 nh\u01b0ng anh \u0111\u00e3 l\u00e0 m\u1ed9t nh\u00e2n t\u1ed1 c\u1ef1c k\u1ef3 quan tr\u1ecdng trong \u0111\u1ed9i h\u00ecnh c\u1ee7a U23 v\u00e0 Olympic Vi\u1ec7t Nam t\u1ea1o n\u00ean th\u00e0nh c\u00f4ng vang d\u1ed9i t\u1ea1i hai gi\u1ea3i \u0111\u1ea5u gi\u00e0nh cho l\u1ee9a tu\u1ed5i tr\u1ebb l\u00e0 VCK U23 Ch\u00e2u \u00c1 v\u00e0 ASIAD 2018.<\/p>\n<p>Thi \u0111\u1ea5u \u1edf v\u1ecb tr\u00ed h\u1eadu v\u1ec7 c\u00e1nh, nh\u1eefng \u0111i\u1ec3m m\u1ea1nh nh\u1ea5t c\u1ee7a V\u0103n H\u1eadu l\u00e0 t\u1ed1c \u0111\u1ed9, kh\u1ea3 n\u0103ng ph\u00e1n \u0111o\u00e1n t\u00ecnh hu\u1ed1ng v\u00e0 h\u1ed7 tr\u1ee3 t\u1ea5n c\u00f4ng r\u1ea5t t\u1ed1t. Ng\u01b0\u1eddi h\u00e2m m\u1ed9 ch\u1eafc ch\u1eafn v\u1eabn ch\u01b0a th\u1ec3 qu\u00ean c\u00fa &#8220;trivela&#8221; (c\u00fa s\u00fat b\u1eb1ng m\u00e1 ngo\u00e0i) \u0111\u1ec3 \u0111\u1eddi c\u1ee7a V\u0103n H\u1eadu trong tr\u1eadn giao h\u1eefu v\u1edbi U23 Oman. Ngo\u00e0i ra, v\u1edbi th\u1ec3 h\u00ecnh v\u01b0\u1ee3t tr\u1ed9i, \u0110o\u00e0n V\u0103n H\u1eadu ho\u00e0n to\u00e0n c\u00f3 th\u1ec3 \u0111\u00e1 t\u1ed1t \u1edf v\u1ecb tr\u00ed trung v\u1ec7<\/p>\n<p>T\u00e0i n\u0103ng nh\u01b0 v\u1eady n\u00ean kh\u00f4ng kh\u00f3 hi\u1ec3u khi nhi\u1ec1u ng\u01b0\u1eddi \u0111\u00e1nh gi\u00e1 r\u1eb1ng V\u0103n H\u1eadu x\u1ee9ng \u0111\u00e1ng c\u00f3 su\u1ea5t \u0111\u00e1 ch\u00ednh \u1edf \u0110TQG. Tuy nhi\u00ean, V\u0103n H\u1eadu v\u1eabn \u0111ang \u0111\u1ee7 tu\u1ed5i \u0111\u1ec3 thi \u0111\u1ea5u cho \u0110T U19 Vi\u1ec7t Nam. Ch\u00ednh v\u00ec v\u1eady, r\u1ea5t nhi\u1ec1u c\u00e2u h\u1ecfi \u0111\u01b0\u1ee3c \u0111\u1eb7t ra l\u00e0 h\u1eadu v\u1ec7 tr\u1ebb sinh n\u0103m 1999 n\u00e0y s\u1ebd t\u1eadp trung v\u00e0 thi \u0111\u1ea5u cho U19 Vi\u1ec7t Nam \u1edf gi\u1ea3i\u00a0U19 Ch\u00e2u \u00c1\u00a0s\u1eafp t\u1edbi, hay s\u1ebd \u0111\u01b0\u1ee3c \u0111\u1ec3 d\u00e0nh cho \u0110TQG g\u00f3p m\u1eb7t t\u1ea1i AFF Cup 2018.<\/p>\n<p>M\u1edbi \u0111\u00e2y, ch\u00ednh \u0110o\u00e0n V\u0103n H\u1eadu c\u0169ng \u0111\u00e3 l\u00ean ti\u1ebfng v\u1ec1 v\u1ea5n \u0111\u1ec1 n\u00e0y. Anh cho bi\u1ebft: &#8220;Vi\u1ec7c em \u0111\u00e1 cho \u0111\u1ed9i tuy\u1ec3n n\u00e0o t\u00f9y thu\u1ed9c hai th\u1ea7y n\u00f3i chuy\u1ec7n v\u1edbi nhau. Em \u0111\u00e1 v\u1edbi \u0111\u1ed9i n\u00e0o c\u0169ng \u0111\u01b0\u1ee3c. Quan tr\u1ecdng l\u00e0 ph\u1ea3i c\u1ed1 g\u1eafng h\u1ebft m\u00ecnh&#8221;.<\/p>\n<p>Ph\u00e1t bi\u1ec3u n\u00e0y th\u1ea5y s\u1ef1 kh\u00e1t khao c\u1ed1ng hi\u1ebfn c\u1ee7a \u0110o\u00e0n V\u0103n H\u1eadu l\u00e0 r\u1ea5t l\u1edbn, d\u00f9 l\u00e0 cho U19 hay \u0110TQG Vi\u1ec7t Nam. Kh\u00f4ng th\u1ec3 so s\u00e1nh \u0111\u1ed9 quan tr\u1ecdng gi\u1eefa hai gi\u1ea3i \u0111\u1ea5u l\u00e0 U19 Ch\u00e2u \u00c1 v\u00e0 AFF Suzuki Cup v\u00ec \u0111\u00e2y \u0111\u1ec1u l\u00e0 nh\u1eefng m\u1ee5c ti\u00eau quan tr\u1ecdng c\u1ee7a b\u00f3ng \u0111\u00e1 Vi\u1ec7t Nam trong n\u0103m 2018. Vi\u1ec7c s\u1eed d\u1ee5ng \u0110o\u00e0n V\u0103n H\u1eadu \u1edf c\u1ea5p \u0111\u1ed9 \u0111\u1ed9i tuy\u1ec3n n\u00e0o cho h\u1ee3p l\u00fd s\u1ebd ph\u1ee5 thu\u1ed9c r\u1ea5t l\u1edbn v\u00e0o hai HLV l\u00e0 \u00f4ng Park Hang-seo v\u00e0 \u00f4ng Ho\u00e0ng Anh Tu\u1ea5n. Th\u1eadm ch\u00ed, ch\u00ednh HLV Ho\u00e0ng Anh Tu\u1ea5n c\u0169ng \u0111\u00e3 t\u1eebng \u1ee7ng h\u1ed9 vi\u1ec7c \u0110o\u00e0n V\u0103n H\u1eadu l\u00ean thi \u0111\u1ea5u \u1edf \u0110TQG v\u00ec t\u00e0i n\u0103ng c\u1ee7a c\u1ea7u th\u1ee7 n\u00e0y th\u1ef1c s\u1ef1 x\u1ee9ng \u0111\u00e1ng.<\/p>\n","protected":false},"excerpt":{"rendered":"<p>M\u1edbi \u0111\u00e2y, h\u1eadu v\u1ec7 tr\u1ebb \u0110o\u00e0n V\u0103n H\u1eadu \u0111\u00e3 c\u00f3 nh\u1eefng ph\u00e1t bi\u1ec3u v\u1ec1 vi\u1ec7c li\u1ec7u anh s\u1ebd thi \u0111\u1ea5u cho U19 hay cho \u0110TQG Vi\u1ec7t Nam. Trong qu\u00e3ng th\u1eddi gian g\u1ea7n \u0111\u00e2y, \u0110o\u00e0n V\u0103n H\u1eadu ch\u00ednh l\u00e0 m\u1ed9t trong nh\u1eefng c\u00e1i t\u00ean n\u1ed5i b\u1eadt nh\u1ea5t c\u1ee7a b\u00f3ng \u0111\u00e1 Vi\u1ec7t Nam. D\u00f9 v\u1eeba m\u1edbi b\u01b0\u1edbc sang tu\u1ed5i 20 nh\u01b0ng anh \u0111\u00e3 l\u00e0 m\u1ed9t nh\u00e2n t\u1ed1 c\u1ef1c k\u1ef3 quan tr\u1ecdng trong \u0111\u1ed9i h\u00ecnh c\u1ee7a U23 v\u00e0 Olympic Vi\u1ec7t Nam t\u1ea1o n\u00ean th\u00e0nh c\u00f4ng vang d\u1ed9i t\u1ea1i hai gi\u1ea3i \u0111\u1ea5u gi\u00e0nh cho l\u1ee9a tu\u1ed5i tr\u1ebb l\u00e0 VCK U23 Ch\u00e2u \u00c1 v\u00e0 ASIAD 2018. Thi \u0111\u1ea5u \u1edf v\u1ecb tr\u00ed h\u1eadu v\u1ec7 c\u00e1nh, nh\u1eefng &hellip; <a href=\"https:\/\/football-tribe.com\/vietnam\/2018\/09\/27\/doan-van-hau-len-tieng-ve-viec-thi-dau-cho-u19-viet-nam\/\" class=\"tribe-more-link\">Continue reading &#8220;\u0110o\u00e0n V\u0103n H\u1eadu l\u00ean ti\u1ebfng v\u1ec1 vi\u1ec7c thi \u0111\u1ea5u cho U19 Vi\u1ec7t Nam&#8221;<\/a><\/p>\n","protected":false},"author":10,"featured_media":42030,"comment_status":"closed","ping_status":"closed","sticky":false,"template":"","format":"standard","meta":{"footnotes":""},"categories":[101],"tags":[2455],"class_list":["post-68277","post","type-post","status-publish","format-standard","has-post-thumbnail","hentry","category-bong-da-viet-nam","tag-van-hau"],"_links":{"self":[{"href":"https:\/\/football-tribe.com\/vietnam\/wp-json\/wp\/v2\/posts\/68277","targetHints":{"allow":["GET"]}}],"collection":[{"href":"https:\/\/football-tribe.com\/vietnam\/wp-json\/wp\/v2\/posts"}],"about":[{"href":"https:\/\/football-tribe.com\/vietnam\/wp-json\/wp\/v2\/types\/post"}],"author":[{"embeddable":true,"href":"https:\/\/football-tribe.com\/vietnam\/wp-json\/wp\/v2\/users\/10"}],"replies":[{"embeddable":true,"href":"https:\/\/football-tribe.com\/vietnam\/wp-json\/wp\/v2\/comments?post=68277"}],"version-history":[{"count":0,"href":"https:\/\/football-tribe.com\/vietnam\/wp-json\/wp\/v2\/posts\/68277\/revisions"}],"wp:featuredmedia":[{"embeddable":true,"href":"https:\/\/football-tribe.com\/vietnam\/wp-json\/wp\/v2\/media\/42030"}],"wp:attachment":[{"href":"https:\/\/football-tribe.com\/vietnam\/wp-json\/wp\/v2\/media?parent=68277"}],"wp:term":[{"taxonomy":"category","embeddable":true,"href":"https:\/\/football-tribe.com\/vietnam\/wp-json\/wp\/v2\/categories?post=68277"},{"taxonomy":"post_tag","embeddable":true,"href":"https:\/\/football-tribe.com\/vietnam\/wp-json\/wp\/v2\/tags?post=68277"}],"curies":[{"name":"wp","href":"https:\/\/api.w.org\/{rel}","templated":true}]}}