{"id":67288,"date":"2018-07-24T21:32:41","date_gmt":"2018-07-24T14:32:41","guid":{"rendered":"https:\/\/football-tribe.com\/vietnam\/?p=67288"},"modified":"2018-07-24T21:32:41","modified_gmt":"2018-07-24T14:32:41","slug":"gia-dinh-sao-real-madrid-cuu-song-ngu-dan-tai-bo-dao-nha","status":"publish","type":"post","link":"https:\/\/football-tribe.com\/vietnam\/2018\/07\/24\/gia-dinh-sao-real-madrid-cuu-song-ngu-dan-tai-bo-dao-nha\/","title":{"rendered":"Gia \u0111\u00ecnh sao Real Madrid c\u1ee9u s\u1ed1ng ng\u01b0 d\u00e2n t\u1ea1i B\u1ed3 \u0110\u00e0o Nha"},"content":{"rendered":"<p><strong>Kho\u1ea3ng 20 ng\u01b0 d\u00e2n g\u1eb7p n\u1ea1n\u00a0t\u1ea1i\u00a0Aveiro \u0111\u00e3 may m\u1eafn tho\u00e1t ch\u1ebft nh\u1edd s\u1ef1 xu\u1ea5t hi\u1ec7n k\u1ecbp th\u1eddi c\u1ee7a con t\u00e0u c\u1ee7a h\u1eadu v\u1ec7 Fabio Coentrao.<\/strong><\/p>\n<p>Ng\u00e0y 20\/7 v\u1eeba qua, kho\u1ea3ng 20 ng\u01b0 d\u00e2n ra kh\u01a1i t\u1ea1i b\u1ebfn c\u1ea3ng\u00a0Aveiro (B\u1ed3 \u0110\u00e0o Nha). C\u00e1ch b\u1ebfn c\u1ea3ng kho\u1ea3ng 18km, con t\u00e0u\u00a0ch\u1edf c\u00e1c ng\u01b0 d\u00e2n b\u1ea5t ng\u1edd b\u1ecb n\u01b0\u1edbc tr\u00e0n v\u00e0o v\u00e0 d\u1ea7n ch\u00ecm xu\u1ed1ng bi\u1ec3n. C\u00e1c ng\u01b0 d\u00e2n ch\u1ec9 c\u00f2n bi\u1ebft \u0111\u1ee9ng tr\u00ean boong t\u00e0u k\u00eau c\u1ee9u.<\/p>\n<p>Trong th\u1eddi \u0111i\u1ec3m \u1ea5y, con t\u00e0u c\u1ee7a gia \u0111\u00ecnh Fabio Coentrao xu\u1ea5t hi\u1ec7n v\u00e0 gi\u1ea3i c\u1ee9u to\u00e0n b\u1ed9 c\u00e1c ng\u01b0 d\u00e2n. Nh\u1eefng ng\u01b0\u1eddi b\u1ecb n\u1ea1n \u0111\u01b0\u1ee3c \u0111\u01b0a t\u1edbi Leixoes \u0111i\u1ec1u tr\u1ecb.<\/p>\n<p>Coentrao s\u1ed1ng \u1edf\u00a0Caxinas, m\u1ed9t l\u00e0ng ch\u00e0i thu\u1ed9c th\u1ecb tr\u1ea5n nh\u1ecf Oporto. Gia \u0111\u00ecnh anh c\u00f3 truy\u1ec1n th\u1ed1ng theo ngh\u1ec1 h\u00e0ng h\u1ea3i. M\u00f9a h\u00e8 2017, h\u1eadu v\u1ec7 sinh n\u0103m 1988\u00a0quy\u1ebft \u0111\u1ecbnh mua con t\u00e0u \u0111\u00e1nh c\u00e1 l\u1edbn v\u00e0 giao cho gia \u0111\u00ecnh qu\u1ea3n l\u00fd.<\/p>\n<p>Fabio Coentrao gia nh\u1eadp Real Madrid v\u00e0o m\u00f9a h\u00e8 2011 t\u1eeb Benfica. Anh thi \u0111\u1ea5u t\u1ea1i Bernabeu t\u1edbi m\u00f9a gi\u1ea3i 2014\/15 tr\u01b0\u1edbc \u0111\u01b0\u1ee3c\u00a0b\u1ecb Los Blancos \u0111em cho AS Monaco v\u00e0 Sporting Lisbon m\u01b0\u1ee3n. Hi\u1ec7n h\u1eadu v\u1ec7 sinh n\u0103m 1988 v\u1eabn c\u00f2n m\u1ed9t n\u0103m h\u1ee3p \u0111\u1ed3ng v\u1edbi Real Madrid.<\/p>\n<p>&nbsp;<\/p>\n","protected":false},"excerpt":{"rendered":"<p>Kho\u1ea3ng 20 ng\u01b0 d\u00e2n g\u1eb7p n\u1ea1n\u00a0t\u1ea1i\u00a0Aveiro \u0111\u00e3 may m\u1eafn tho\u00e1t ch\u1ebft nh\u1edd s\u1ef1 xu\u1ea5t hi\u1ec7n k\u1ecbp th\u1eddi c\u1ee7a con t\u00e0u c\u1ee7a h\u1eadu v\u1ec7 Fabio Coentrao. Ng\u00e0y 20\/7 v\u1eeba qua, kho\u1ea3ng 20 ng\u01b0 d\u00e2n ra kh\u01a1i t\u1ea1i b\u1ebfn c\u1ea3ng\u00a0Aveiro (B\u1ed3 \u0110\u00e0o Nha). C\u00e1ch b\u1ebfn c\u1ea3ng kho\u1ea3ng 18km, con t\u00e0u\u00a0ch\u1edf c\u00e1c ng\u01b0 d\u00e2n b\u1ea5t ng\u1edd b\u1ecb n\u01b0\u1edbc tr\u00e0n v\u00e0o v\u00e0 d\u1ea7n ch\u00ecm xu\u1ed1ng bi\u1ec3n. C\u00e1c ng\u01b0 d\u00e2n ch\u1ec9 c\u00f2n bi\u1ebft \u0111\u1ee9ng tr\u00ean boong t\u00e0u k\u00eau c\u1ee9u. Trong th\u1eddi \u0111i\u1ec3m \u1ea5y, con t\u00e0u c\u1ee7a gia \u0111\u00ecnh Fabio Coentrao xu\u1ea5t hi\u1ec7n v\u00e0 gi\u1ea3i c\u1ee9u to\u00e0n b\u1ed9 c\u00e1c ng\u01b0 d\u00e2n. Nh\u1eefng ng\u01b0\u1eddi b\u1ecb n\u1ea1n \u0111\u01b0\u1ee3c \u0111\u01b0a t\u1edbi Leixoes \u0111i\u1ec1u tr\u1ecb. Coentrao s\u1ed1ng \u1edf\u00a0Caxinas, m\u1ed9t l\u00e0ng &hellip; <a href=\"https:\/\/football-tribe.com\/vietnam\/2018\/07\/24\/gia-dinh-sao-real-madrid-cuu-song-ngu-dan-tai-bo-dao-nha\/\" class=\"tribe-more-link\">Continue reading &#8220;Gia \u0111\u00ecnh sao Real Madrid c\u1ee9u s\u1ed1ng ng\u01b0 d\u00e2n t\u1ea1i B\u1ed3 \u0110\u00e0o Nha&#8221;<\/a><\/p>\n","protected":false},"author":53,"featured_media":67289,"comment_status":"closed","ping_status":"closed","sticky":false,"template":"","format":"standard","meta":{"footnotes":""},"categories":[1780],"tags":[2042],"class_list":["post-67288","post","type-post","status-publish","format-standard","has-post-thumbnail","hentry","category-bong-da-tay-ban-nha","tag-fabio-coentrao"],"_links":{"self":[{"href":"https:\/\/football-tribe.com\/vietnam\/wp-json\/wp\/v2\/posts\/67288","targetHints":{"allow":["GET"]}}],"collection":[{"href":"https:\/\/football-tribe.com\/vietnam\/wp-json\/wp\/v2\/posts"}],"about":[{"href":"https:\/\/football-tribe.com\/vietnam\/wp-json\/wp\/v2\/types\/post"}],"author":[{"embeddable":true,"href":"https:\/\/football-tribe.com\/vietnam\/wp-json\/wp\/v2\/users\/53"}],"replies":[{"embeddable":true,"href":"https:\/\/football-tribe.com\/vietnam\/wp-json\/wp\/v2\/comments?post=67288"}],"version-history":[{"count":0,"href":"https:\/\/football-tribe.com\/vietnam\/wp-json\/wp\/v2\/posts\/67288\/revisions"}],"wp:featuredmedia":[{"embeddable":true,"href":"https:\/\/football-tribe.com\/vietnam\/wp-json\/wp\/v2\/media\/67289"}],"wp:attachment":[{"href":"https:\/\/football-tribe.com\/vietnam\/wp-json\/wp\/v2\/media?parent=67288"}],"wp:term":[{"taxonomy":"category","embeddable":true,"href":"https:\/\/football-tribe.com\/vietnam\/wp-json\/wp\/v2\/categories?post=67288"},{"taxonomy":"post_tag","embeddable":true,"href":"https:\/\/football-tribe.com\/vietnam\/wp-json\/wp\/v2\/tags?post=67288"}],"curies":[{"name":"wp","href":"https:\/\/api.w.org\/{rel}","templated":true}]}}