{"id":6610,"date":"2017-03-30T17:02:16","date_gmt":"2017-03-30T10:02:16","guid":{"rendered":"https:\/\/football-tribe.com\/vietnam\/?p=6610"},"modified":"2017-03-30T17:55:23","modified_gmt":"2017-03-30T10:55:23","slug":"ban-tin-chieu-ngay-303-bellerin-san-sang-gia-nhap-barca","status":"publish","type":"post","link":"https:\/\/football-tribe.com\/vietnam\/2017\/03\/30\/ban-tin-chieu-ngay-303-bellerin-san-sang-gia-nhap-barca\/","title":{"rendered":"B\u1ea3n tin chi\u1ec1u ng\u00e0y 30\/3: Bellerin s\u1eb5n s\u00e0ng gia nh\u1eadp Barca"},"content":{"rendered":"<p>6 CLB \u1edf gi\u1ea3i Malaysia \u0111\u1ed1i m\u1eb7t v\u1edbi \u00e1n ph\u1ea1t do n\u1ee3 l\u01b0\u01a1ng c\u1ea7u th\u1ee7, VTV c\u00f3 b\u1ea3n quy\u1ec1n c\u00e1c tr\u1eadn v\u00f2ng lo\u1ea1i Asian Cup 2018 c\u1ee7a \u0110T n\u1eef Vi\u1ec7t Nam &#8230; s\u1ebd l\u00e0 nh\u1eefng tin ch\u00ednh c\u00f3 trong b\u1ea3n tin chi\u1ec1u nay ng\u00e0y 30\/3 c\u1ee7a ch\u00fang t\u00f4i.<\/p>\n<p><!--nextpage--><\/p>\n<p><img loading=\"lazy\" decoding=\"async\" class=\"aligncenter wp-image-6611\" src=\"https:\/\/football-tribe.com\/vietnam\/wp-content\/uploads\/sites\/11\/2017\/03\/safiq_jdt_global_afc_asiana.jpg\" alt=\"\" width=\"800\" height=\"532\" srcset=\"https:\/\/football-tribe.com\/vietnam\/wp-content\/uploads\/sites\/11\/2017\/03\/safiq_jdt_global_afc_asiana-768x511.jpg 768w, https:\/\/football-tribe.com\/vietnam\/wp-content\/uploads\/sites\/11\/2017\/03\/safiq_jdt_global_afc_asiana-800x532.jpg 800w, https:\/\/football-tribe.com\/vietnam\/wp-content\/uploads\/sites\/11\/2017\/03\/safiq_jdt_global_afc_asiana-338x225.jpg 338w, https:\/\/football-tribe.com\/vietnam\/wp-content\/uploads\/sites\/11\/2017\/03\/safiq_jdt_global_afc_asiana-571x380.jpg 571w, https:\/\/football-tribe.com\/vietnam\/wp-content\/uploads\/sites\/11\/2017\/03\/safiq_jdt_global_afc_asiana-560x372.jpg 560w\" sizes=\"auto, (max-width: 800px) 100vw, 800px\" \/><\/p>\n<p><strong>6 CLB \u1edf gi\u1ea3i Malaysia \u0111\u1ed1i m\u1eb7t v\u1edbi \u00e1n ph\u1ea1t do n\u1ee3 l\u01b0\u01a1ng c\u1ea7u th\u1ee7<\/strong><\/p>\n<p>Theo th\u00f4ng b\u00e1o t\u1eeb L\u0110B\u0110 Malaysia (FAM), hi\u1ec7n c\u00f3 6 \u0111\u1ed9i b\u00f3ng trong \u0111\u00f3 c\u00f3 hai \u0111\u1ed9i \u1edf gi\u1ea3i V\u0110QG Malaysia v\u00e0 b\u1ed1n \u0111\u1ed9i \u1edf gi\u1ea3i h\u1ea1ng nh\u1ea5t \u0111ang n\u1ee3 l\u01b0\u01a1ng c\u1ea7u th\u1ee7 v\u1edbi t\u1ed5ng s\u1ed1 ti\u1ec1n l\u00ean t\u1edbi 5 tri\u1ec7u ringit. \u0110\u1ec3 gi\u1ea3i quy\u1ebft kho\u1ea3n n\u1ee3 n\u00e0y FAM \u0111\u00e3 ra t\u1ed1i h\u1eadu th\u01b0 cho 6 \u0111\u1ed9i b\u00f3ng tr\u00ean r\u1eb1ng n\u1ebfu \u0111\u1ed9i b\u00f3ng n\u00e0o ti\u1ebfp \u0111\u1ee3 s\u1ed1 n\u1ee3 t\u1ed3n \u0111\u1ecdng l\u1ea1i th\u00ec s\u1ebd b\u1ecb tr\u1eeb \u0111i\u1ec3m tr\u00ean b\u1ea3ng x\u1ebfp h\u1ea1ng thi \u0111\u1ea5u.<\/p>\n<p><!--nextpage--><\/p>\n<p><img loading=\"lazy\" decoding=\"async\" class=\"aligncenter wp-image-6612\" src=\"https:\/\/football-tribe.com\/vietnam\/wp-content\/uploads\/sites\/11\/2017\/03\/WB0U4478_NIJO.jpg\" alt=\"\" width=\"801\" height=\"493\" srcset=\"https:\/\/football-tribe.com\/vietnam\/wp-content\/uploads\/sites\/11\/2017\/03\/WB0U4478_NIJO.jpg 3040w, https:\/\/football-tribe.com\/vietnam\/wp-content\/uploads\/sites\/11\/2017\/03\/WB0U4478_NIJO-768x473.jpg 768w, https:\/\/football-tribe.com\/vietnam\/wp-content\/uploads\/sites\/11\/2017\/03\/WB0U4478_NIJO-800x493.jpg 800w, https:\/\/football-tribe.com\/vietnam\/wp-content\/uploads\/sites\/11\/2017\/03\/WB0U4478_NIJO-350x216.jpg 350w, https:\/\/football-tribe.com\/vietnam\/wp-content\/uploads\/sites\/11\/2017\/03\/WB0U4478_NIJO-617x380.jpg 617w, https:\/\/football-tribe.com\/vietnam\/wp-content\/uploads\/sites\/11\/2017\/03\/WB0U4478_NIJO-560x345.jpg 560w\" sizes=\"auto, (max-width: 801px) 100vw, 801px\" \/><\/p>\n<p><strong>VTV c\u00f3 b\u1ea3n quy\u1ec1n c\u00e1c tr\u1eadn v\u00f2ng lo\u1ea1i Asian Cup 2018 c\u1ee7a \u0110T n\u1eef Vi\u1ec7t Nam<\/strong><\/p>\n<p>T\u1eeb ng\u00e0y 3\/4 \u0111\u1ebfn 11\/4, t\u1ea1i Trung t\u00e2m \u0111\u00e0o t\u1ea1o b\u00f3ng \u0111\u00e1 tr\u1ebb Vi\u1ec7t Nam (L\u0110B\u0110VN) s\u1ebd di\u1ec5n ra c\u00e1c tr\u1eadn \u0111\u1ea5u trong khu\u00f4n kh\u1ed5 b\u1ea3ng D v\u00f2ng lo\u1ea1i gi\u1ea3i b\u00f3ng \u0111\u00e1 n\u1eef v\u00f4 \u0111\u1ecbch ch\u00e2u \u00c1 2018. \u0110\u1ec3 ph\u1ee5c v\u1ee5 ng\u01b0\u1eddi h\u00e2m m\u1ed9 v\u00e0 kh\u00e1n gi\u1ea3 c\u1ea3 n\u01b0\u1edbc, \u0110\u00e0i Truy\u1ec1n h\u00ecnh Vi\u1ec7t Nam s\u1ebd truy\u1ec1n h\u00ecnh tr\u1ef1c ti\u1ebfp c\u00e1c tr\u1eadn \u0111\u1ea5u c\u00f3 \u0111\u1ed9i tuy\u1ec3n Vi\u1ec7t Nam thi \u0111\u1ea5u tr\u00ean 2 k\u00eanh VTV6, VTV6-HD v\u00e0 k\u00eanh Youtube c\u1ee7a L\u0110B\u0110VN.<\/p>\n<p><!--nextpage--><\/p>\n<p><img loading=\"lazy\" decoding=\"async\" class=\"aligncenter wp-image-6613\" src=\"https:\/\/football-tribe.com\/vietnam\/wp-content\/uploads\/sites\/11\/2017\/03\/james-rodriguez-real-madrid-cultural-copa-del-rey_qw4jx5tf5uxx1px6fcut9225d-0729.png\" alt=\"\" width=\"805\" height=\"453\" srcset=\"https:\/\/football-tribe.com\/vietnam\/wp-content\/uploads\/sites\/11\/2017\/03\/james-rodriguez-real-madrid-cultural-copa-del-rey_qw4jx5tf5uxx1px6fcut9225d-0729.png 1920w, https:\/\/football-tribe.com\/vietnam\/wp-content\/uploads\/sites\/11\/2017\/03\/james-rodriguez-real-madrid-cultural-copa-del-rey_qw4jx5tf5uxx1px6fcut9225d-0729-768x432.png 768w, https:\/\/football-tribe.com\/vietnam\/wp-content\/uploads\/sites\/11\/2017\/03\/james-rodriguez-real-madrid-cultural-copa-del-rey_qw4jx5tf5uxx1px6fcut9225d-0729-800x450.png 800w, https:\/\/football-tribe.com\/vietnam\/wp-content\/uploads\/sites\/11\/2017\/03\/james-rodriguez-real-madrid-cultural-copa-del-rey_qw4jx5tf5uxx1px6fcut9225d-0729-350x197.png 350w, https:\/\/football-tribe.com\/vietnam\/wp-content\/uploads\/sites\/11\/2017\/03\/james-rodriguez-real-madrid-cultural-copa-del-rey_qw4jx5tf5uxx1px6fcut9225d-0729-676x380.png 676w, https:\/\/football-tribe.com\/vietnam\/wp-content\/uploads\/sites\/11\/2017\/03\/james-rodriguez-real-madrid-cultural-copa-del-rey_qw4jx5tf5uxx1px6fcut9225d-0729-560x315.png 560w\" sizes=\"auto, (max-width: 805px) 100vw, 805px\" \/><\/p>\n<p><strong>Ti\u1ebft l\u1ed9 b\u1ebfn \u0111\u1ed7 y\u00eau th\u00edch c\u1ee7a James Rodriguez<\/strong><\/p>\n<p>Theo nh\u01b0 t\u1edd Don Balon c\u1ee7a T\u00e2y Ban Nha,\u00a0James Rodriguez mu\u1ed1n gia nh\u1eadp Bayern Munich n\u1ebfu bu\u1ed9c ph\u1ea3i chia tay s\u00e2n Bernabeu trong m\u00f9a H\u00e8 t\u1edbi. L\u00fd do l\u00e0 Rodriguez mu\u1ed1n t\u00e1i ng\u1ed9 \u00f4ng th\u1ea7y c\u0169 Carlo Ancelotti. C\u1ea3 2 \u0111\u00e3 t\u1eebng c\u00f3 1 m\u00f9a gi\u1ea3i l\u00e0m vi\u1ec7c c\u00f9ng nhau t\u1ea1i Real Madrid (m\u00f9a 2014-15).<\/p>\n<p><!--nextpage--><\/p>\n<p><img loading=\"lazy\" decoding=\"async\" class=\"aligncenter wp-image-6614\" src=\"https:\/\/football-tribe.com\/vietnam\/wp-content\/uploads\/sites\/11\/2017\/03\/maxresdefault-20.jpg\" alt=\"\" width=\"800\" height=\"533\" srcset=\"https:\/\/football-tribe.com\/vietnam\/wp-content\/uploads\/sites\/11\/2017\/03\/maxresdefault-20.jpg 1310w, https:\/\/football-tribe.com\/vietnam\/wp-content\/uploads\/sites\/11\/2017\/03\/maxresdefault-20-768x512.jpg 768w, https:\/\/football-tribe.com\/vietnam\/wp-content\/uploads\/sites\/11\/2017\/03\/maxresdefault-20-800x533.jpg 800w, https:\/\/football-tribe.com\/vietnam\/wp-content\/uploads\/sites\/11\/2017\/03\/maxresdefault-20-338x225.jpg 338w, https:\/\/football-tribe.com\/vietnam\/wp-content\/uploads\/sites\/11\/2017\/03\/maxresdefault-20-570x380.jpg 570w, https:\/\/football-tribe.com\/vietnam\/wp-content\/uploads\/sites\/11\/2017\/03\/maxresdefault-20-560x373.jpg 560w\" sizes=\"auto, (max-width: 800px) 100vw, 800px\" \/><br \/>\n<strong>Iniesta \u0111\u01b0\u1ee3c trao b\u1ea3n sao Qu\u1ea3 b\u00f3ng V\u00e0ng<\/strong><\/p>\n<p>Trong ch\u01b0\u01a1ng tr\u00ecnh Amigos de Simao, c\u1ef1u c\u1ea7u th\u1ee7 B\u1ed3 \u0110\u00e0o Nha t\u1eebng kho\u00e1c \u00e1o Barca, Simao Sabrosa \u0111\u00e3 trao b\u1ea3n sao QBV cho Iniesta. Theo Simao Sabrosa, v\u1edbi nh\u1eefng g\u00ec \u0111\u00f3ng g\u00f3p cho tuy\u1ec3n TBN v\u00e0 Barca, Iniesta x\u1ee9ng \u0111\u00e1ng gi\u00e0nh QBV. \u0110\u1eb7c bi\u1ec7t, trong n\u0103m 2010, Iniesta x\u1ee9ng \u0111\u00e1ng \u0111o\u1ea1t QBV khi l\u1ecdt v\u00e0o danh s\u00e1ch cu\u1ed1i c\u00f9ng v\u1edbi Messi v\u00e0 Xavi tuy nhi\u00ean cu\u1ed1i c\u00f9ng ti\u1ec1n v\u1ec7 hi\u1ec7n l\u00e0 th\u1ee7 qu\u00e2n c\u1ee7a Barca ch\u1ec9 c\u00e1n \u0111\u00edch \u1edf v\u1ecb tr\u00ed th\u1ee9 2.<\/p>\n<p><!--nextpage--><\/p>\n<p><img loading=\"lazy\" decoding=\"async\" class=\"aligncenter wp-image-6615\" src=\"https:\/\/football-tribe.com\/vietnam\/wp-content\/uploads\/sites\/11\/2017\/03\/hector-bellerin-tackled.jpg\" alt=\"\" width=\"801\" height=\"533\" srcset=\"https:\/\/football-tribe.com\/vietnam\/wp-content\/uploads\/sites\/11\/2017\/03\/hector-bellerin-tackled-768x511.jpg 768w, https:\/\/football-tribe.com\/vietnam\/wp-content\/uploads\/sites\/11\/2017\/03\/hector-bellerin-tackled-800x533.jpg 800w, https:\/\/football-tribe.com\/vietnam\/wp-content\/uploads\/sites\/11\/2017\/03\/hector-bellerin-tackled-338x225.jpg 338w, https:\/\/football-tribe.com\/vietnam\/wp-content\/uploads\/sites\/11\/2017\/03\/hector-bellerin-tackled-571x380.jpg 571w, https:\/\/football-tribe.com\/vietnam\/wp-content\/uploads\/sites\/11\/2017\/03\/hector-bellerin-tackled-560x373.jpg 560w\" sizes=\"auto, (max-width: 801px) 100vw, 801px\" \/><\/p>\n<p><strong>Bellerin s\u1eb5n s\u00e0ng gia nh\u1eadp Barca<\/strong><\/p>\n<p>Theo truy\u1ec1n th\u00f4ng T\u00e2y Ban nha, h\u1eadu v\u1ec7 Hector Bellerin \u0111\u00e3 th\u00f4ng b\u00e1o v\u1edbi BL\u0110 Barca v\u1ec1 vi\u1ec7c anh s\u1eb5n s\u00e0ng chia tay Arsenal trong k\u1ef3 chuy\u1ec3n nh\u01b0\u1ee3ng m\u00f9a H\u00e8 n\u00e0y.<\/p>\n","protected":false},"excerpt":{"rendered":"<p>6 CLB \u1edf gi\u1ea3i Malaysia \u0111\u1ed1i m\u1eb7t v\u1edbi \u00e1n ph\u1ea1t do n\u1ee3 l\u01b0\u01a1ng c\u1ea7u th\u1ee7, VTV c\u00f3 b\u1ea3n quy\u1ec1n c\u00e1c tr\u1eadn v\u00f2ng lo\u1ea1i Asian Cup 2018 c\u1ee7a \u0110T n\u1eef Vi\u1ec7t Nam &#8230; s\u1ebd l\u00e0 nh\u1eefng tin ch\u00ednh c\u00f3 trong b\u1ea3n tin chi\u1ec1u nay ng\u00e0y 30\/3 c\u1ee7a ch\u00fang t\u00f4i.<\/p>\n","protected":false},"author":10,"featured_media":6615,"comment_status":"closed","ping_status":"open","sticky":false,"template":"","format":"standard","meta":{"footnotes":""},"categories":[978],"tags":[147,1662,181,118,1313,1209,1661,1137,630,559,217,1660,1663,113,110,1578],"class_list":["post-6610","post","type-post","status-publish","format-standard","has-post-thumbnail","hentry","category-ban-tin","tag-arsenal","tag-asian-cup-2018","tag-barcelona","tag-bayern-munich","tag-bellerin","tag-chuyen-nhuong","tag-doi-tuyen-nu-viet-nam","tag-fam","tag-iniesta","tag-james-rodriguez","tag-malaysia","tag-malaysia-super-league","tag-qua-bong-vang","tag-real-madrid","tag-slider","tag-vtv"],"_links":{"self":[{"href":"https:\/\/football-tribe.com\/vietnam\/wp-json\/wp\/v2\/posts\/6610","targetHints":{"allow":["GET"]}}],"collection":[{"href":"https:\/\/football-tribe.com\/vietnam\/wp-json\/wp\/v2\/posts"}],"about":[{"href":"https:\/\/football-tribe.com\/vietnam\/wp-json\/wp\/v2\/types\/post"}],"author":[{"embeddable":true,"href":"https:\/\/football-tribe.com\/vietnam\/wp-json\/wp\/v2\/users\/10"}],"replies":[{"embeddable":true,"href":"https:\/\/football-tribe.com\/vietnam\/wp-json\/wp\/v2\/comments?post=6610"}],"version-history":[{"count":0,"href":"https:\/\/football-tribe.com\/vietnam\/wp-json\/wp\/v2\/posts\/6610\/revisions"}],"wp:featuredmedia":[{"embeddable":true,"href":"https:\/\/football-tribe.com\/vietnam\/wp-json\/wp\/v2\/media\/6615"}],"wp:attachment":[{"href":"https:\/\/football-tribe.com\/vietnam\/wp-json\/wp\/v2\/media?parent=6610"}],"wp:term":[{"taxonomy":"category","embeddable":true,"href":"https:\/\/football-tribe.com\/vietnam\/wp-json\/wp\/v2\/categories?post=6610"},{"taxonomy":"post_tag","embeddable":true,"href":"https:\/\/football-tribe.com\/vietnam\/wp-json\/wp\/v2\/tags?post=6610"}],"curies":[{"name":"wp","href":"https:\/\/api.w.org\/{rel}","templated":true}]}}