{"id":65425,"date":"2018-07-02T09:56:41","date_gmt":"2018-07-02T02:56:41","guid":{"rendered":"https:\/\/football-tribe.com\/vietnam\/?p=65425"},"modified":"2018-07-02T09:56:41","modified_gmt":"2018-07-02T02:56:41","slug":"iniesta-chinh-thuc-chia-tay-doi-tuyen-tay-ban-nha","status":"publish","type":"post","link":"https:\/\/football-tribe.com\/vietnam\/2018\/07\/02\/iniesta-chinh-thuc-chia-tay-doi-tuyen-tay-ban-nha\/","title":{"rendered":"Iniesta ch\u00ednh th\u1ee9c chia tay \u0111\u1ed9i tuy\u1ec3n T\u00e2y Ban Nha"},"content":{"rendered":"<p><strong>Ti\u1ec1n v\u1ec7 Andres Iniesta ch\u00ednh th\u1ee9c gi\u00e3 t\u1eeb s\u1ef1 nghi\u1ec7p thi \u0111\u1ea5u qu\u1ed1c t\u1ebf sau th\u1ea5t b\u1ea1i tr\u01b0\u1edbc Nga t\u1ea1i v\u00f2ng 1\/8 World Cup 2018.<\/strong><\/p>\n<p>Tr\u1ea3 l\u1eddi ph\u1ecfng v\u1ea5n FIFA TV, Iniesta kh\u00f4ng gi\u1ea5u n\u1ed5i n\u1ed7i bu\u1ed3n sau khi c\u00f9ng B\u00f2 T\u00f3t th\u1ea5t b\u1ea1i 3-4 tr\u00ean ch\u1ea5m lu\u00e2n l\u01b0u tr\u01b0\u1edbc Nga, qua \u0111\u00f3 d\u1eebng b\u01b0\u1edbc t\u1ea1i v\u00f2ng 1\/8 World Cup 2018.<\/p>\n<blockquote><p><strong><em>&#8220;\u0110\u00e2y l\u00e0 tr\u1eadn \u0111\u1ea5u cu\u1ed1i c\u00f9ng c\u1ee7a t\u00f4i trong m\u00e0u \u00e1o \u0111\u1ed9i tuy\u1ec3n T\u00e2y Ban Nha. Th\u1eadt bu\u1ed3n khi chia tay \u0111\u1ed9i tuy\u1ec3n b\u1eb1ng m\u1ed9t th\u1ea5t b\u1ea1i \u0111au \u0111\u1edbn th\u1ebf n\u00e0y. Tuy nhi\u00ean trong cu\u1ed9c s\u1ed1ng, m\u1ecdi th\u1ee9 kh\u00f4ng ho\u00e0n h\u1ea3o nh\u01b0 nh\u1eefng g\u00ec b\u1ea1n ngh\u0129. Ch\u00fang ta ph\u1ea3i h\u1ecdc c\u00e1ch ch\u1ea5p nh\u1eadn.&#8221;<\/em><\/strong><\/p><\/blockquote>\n<p>L\u00fd gi\u1ea3i v\u1ec1 quy\u1ebft \u0111\u1ecbnh chia tay \u0111\u1ed9i tuy\u1ec3n, ti\u1ec1n v\u1ec7 sinh n\u0103m 1984 cho bi\u1ebft anh mu\u1ed1n nh\u01b0\u1eddng c\u01a1 h\u1ed9i cho nh\u1eefng t\u00e0i n\u0103ng tr\u1ebb.<\/p>\n<blockquote><p><strong><em>&#8220;T\u00f4i \u0111\u00e3 c\u00f3 tu\u1ed5i. T\u00f4i c\u1ea3m th\u1ea5y \u0111\u00e3 \u0111\u1ebfn l\u00fac b\u1ea3n th\u00e2n m\u00ecnh ph\u1ea3i d\u1eebng l\u1ea1i \u0111\u1ec3 nh\u01b0\u1eddng ch\u1ed7 cho nh\u1eefng c\u1ea7u th\u1ee7 tr\u1ebb \u0111\u1ea7y kh\u00e1t khao. Hy v\u1ecdng trong t\u01b0\u01a1ng lai, \u0111\u1ed9i tuy\u1ec3n T\u00e2y Ban Nha s\u1ebd g\u1eb7t h\u00e1i \u0111\u01b0\u1ee3c nhi\u1ec1u th\u00e0nh c\u00f4ng!&#8221;<\/em><\/strong><\/p><\/blockquote>\n<p>Iniesta ra m\u1eaft \u0111\u1ed9i tuy\u1ec3n T\u00e2y Ban Nha v\u00e0o n\u0103m 2006. Sau 131 ra s\u00e2n cho \u0111\u1ed9i tuy\u1ec3n Qu\u1ed1c gia, c\u1ea7u th\u1ee7 sinh n\u0103m 1984 ghi \u0111\u01b0\u1ee3c 13 b\u00e0n th\u1eafng. Anh c\u00f9ng\u00a0La Roja \u0111o\u1ea1t hai ch\u1ee9c v\u00f4 \u0111\u1ecbch Euro (2008 v\u00e0 2012) v\u00e0 m\u1ed9t l\u1ea7n gi\u00e0nh ng\u00f4i v\u01b0\u01a1ng t\u1ea1i World Cup (2010).<\/p>\n<p>C\u00e1ch \u0111\u00e2y kh\u00f4ng l\u00e2u, Iniesta c\u00f9ng \u0111\u00e3 n\u00f3i l\u1eddi chia tay b\u00f3ng \u0111\u00e1 ch\u00e2u \u00c2u khi quy\u1ebft \u0111\u1ecbnh r\u1eddi Barcelona \u0111\u1ec3 gia nh\u1eadp \u0111\u1ed9i b\u00f3ng c\u1ee7a Nh\u1eadt B\u1ea3n, Vissel Kobe.<\/p>\n","protected":false},"excerpt":{"rendered":"<p>Ti\u1ec1n v\u1ec7 Andres Iniesta ch\u00ednh th\u1ee9c gi\u00e3 t\u1eeb s\u1ef1 nghi\u1ec7p thi \u0111\u1ea5u qu\u1ed1c t\u1ebf sau th\u1ea5t b\u1ea1i tr\u01b0\u1edbc Nga t\u1ea1i v\u00f2ng 1\/8 World Cup 2018. Tr\u1ea3 l\u1eddi ph\u1ecfng v\u1ea5n FIFA TV, Iniesta kh\u00f4ng gi\u1ea5u n\u1ed5i n\u1ed7i bu\u1ed3n sau khi c\u00f9ng B\u00f2 T\u00f3t th\u1ea5t b\u1ea1i 3-4 tr\u00ean ch\u1ea5m lu\u00e2n l\u01b0u tr\u01b0\u1edbc Nga, qua \u0111\u00f3 d\u1eebng b\u01b0\u1edbc t\u1ea1i v\u00f2ng 1\/8 World Cup 2018. &#8220;\u0110\u00e2y l\u00e0 tr\u1eadn \u0111\u1ea5u cu\u1ed1i c\u00f9ng c\u1ee7a t\u00f4i trong m\u00e0u \u00e1o \u0111\u1ed9i tuy\u1ec3n T\u00e2y Ban Nha. Th\u1eadt bu\u1ed3n khi chia tay \u0111\u1ed9i tuy\u1ec3n b\u1eb1ng m\u1ed9t th\u1ea5t b\u1ea1i \u0111au \u0111\u1edbn th\u1ebf n\u00e0y. Tuy nhi\u00ean trong cu\u1ed9c s\u1ed1ng, m\u1ecdi th\u1ee9 kh\u00f4ng ho\u00e0n h\u1ea3o nh\u01b0 nh\u1eefng g\u00ec b\u1ea1n ngh\u0129. Ch\u00fang ta ph\u1ea3i &hellip; <a href=\"https:\/\/football-tribe.com\/vietnam\/2018\/07\/02\/iniesta-chinh-thuc-chia-tay-doi-tuyen-tay-ban-nha\/\" class=\"tribe-more-link\">Continue reading &#8220;Iniesta ch\u00ednh th\u1ee9c chia tay \u0111\u1ed9i tuy\u1ec3n T\u00e2y Ban Nha&#8221;<\/a><\/p>\n","protected":false},"author":58,"featured_media":59983,"comment_status":"closed","ping_status":"closed","sticky":false,"template":"","format":"standard","meta":{"footnotes":""},"categories":[5460],"tags":[1919,4720],"class_list":["post-65425","post","type-post","status-publish","format-standard","has-post-thumbnail","hentry","category-worldcup2018","tag-andres-iniesta","tag-dt-tay-ban-nha"],"_links":{"self":[{"href":"https:\/\/football-tribe.com\/vietnam\/wp-json\/wp\/v2\/posts\/65425","targetHints":{"allow":["GET"]}}],"collection":[{"href":"https:\/\/football-tribe.com\/vietnam\/wp-json\/wp\/v2\/posts"}],"about":[{"href":"https:\/\/football-tribe.com\/vietnam\/wp-json\/wp\/v2\/types\/post"}],"author":[{"embeddable":true,"href":"https:\/\/football-tribe.com\/vietnam\/wp-json\/wp\/v2\/users\/58"}],"replies":[{"embeddable":true,"href":"https:\/\/football-tribe.com\/vietnam\/wp-json\/wp\/v2\/comments?post=65425"}],"version-history":[{"count":0,"href":"https:\/\/football-tribe.com\/vietnam\/wp-json\/wp\/v2\/posts\/65425\/revisions"}],"wp:featuredmedia":[{"embeddable":true,"href":"https:\/\/football-tribe.com\/vietnam\/wp-json\/wp\/v2\/media\/59983"}],"wp:attachment":[{"href":"https:\/\/football-tribe.com\/vietnam\/wp-json\/wp\/v2\/media?parent=65425"}],"wp:term":[{"taxonomy":"category","embeddable":true,"href":"https:\/\/football-tribe.com\/vietnam\/wp-json\/wp\/v2\/categories?post=65425"},{"taxonomy":"post_tag","embeddable":true,"href":"https:\/\/football-tribe.com\/vietnam\/wp-json\/wp\/v2\/tags?post=65425"}],"curies":[{"name":"wp","href":"https:\/\/api.w.org\/{rel}","templated":true}]}}