{"id":64335,"date":"2018-06-26T22:57:09","date_gmt":"2018-06-26T15:57:09","guid":{"rendered":"https:\/\/football-tribe.com\/vietnam\/?p=64335"},"modified":"2018-06-26T22:58:32","modified_gmt":"2018-06-26T15:58:32","slug":"ban-tin-toi-26-6-nainggolan-chinh-thuc-ra-nhap-inter","status":"publish","type":"post","link":"https:\/\/football-tribe.com\/vietnam\/2018\/06\/26\/ban-tin-toi-26-6-nainggolan-chinh-thuc-ra-nhap-inter\/","title":{"rendered":"B\u1ea3n tin t\u1ed1i 26\/6: Nainggolan ch\u00ednh th\u1ee9c ra nh\u1eadp Inter"},"content":{"rendered":"<p><strong>Hazard v\u00e0 De Bruyne &#8220;b\u1eadt&#8221; HLV Martinez,\u00a0Radja Nainggolan ch\u00ednh th\u1ee9c ra nh\u1eadp Inter l\u00e0 nh\u1eefng tin ch\u00ednh trong b\u1ea3n tin t\u1ed1i 26\/6.<\/strong><\/p>\n<p><strong>Radja Nainggolan ch\u00ednh th\u1ee9c ra nh\u1eadp Inter<\/strong><\/p>\n<p>Trang ch\u1ee7 c\u1ee7a c\u00e2u l\u1ea1c b\u1ed9 Inter Milan x\u00e1c nh\u1eadn \u0111\u1ed9i b\u00f3ng \u00e1o s\u1ecdc xanh \u0111en \u0111\u00e3 ho\u00e0n t\u1ea5t vi\u1ec7c k\u00fd k\u1ebft h\u1ee3p \u0111\u1ed3ng v\u1edbi ti\u1ec1n v\u1ec7 Nainggolan.\u00a0C\u1ea7u th\u1ee7 ng\u01b0\u1eddi B\u1ec9 \u0111\u1eb7t b\u00fat k\u00fd b\u1ea3n\u00a0h\u1ee3p \u0111\u1ed3ng b\u1ed1n n\u0103m v\u1edbi Nerazzurri v\u00e0 c\u00f3 th\u1eddi h\u1ea1n \u0111\u1ebfn ng\u00e0y 30 th\u00e1ng 7 n\u0103m 2022. Inter ph\u1ea3i tr\u1ea3 cho AS Roma 24 tri\u1ec7u Euro v\u00e0 \u0111\u1ec3 Davide Santon c\u00f9ng Nicolo Zaniolo ra \u0111i theo chi\u1ec1u ng\u01b0\u1ee3c l\u1ea1i.<\/p>\n<blockquote class=\"twitter-tweet\" data-width=\"500\" data-dnt=\"true\">\n<p lang=\"it\" dir=\"ltr\"><a href=\"https:\/\/twitter.com\/hashtag\/WelcomeNinja?src=hash&amp;ref_src=twsrc%5Etfw\">#WelcomeNinja<\/a>! \ud83d\ude4c<br \/>Ecco il primo giorno da nerazzurro di <a href=\"https:\/\/twitter.com\/OfficialRadja?ref_src=twsrc%5Etfw\">@OfficialRadja<\/a>! \ud83d\udcf8\ud83e\udd33<\/p>\n<p>\ud83d\udc49 <a href=\"https:\/\/t.co\/7vAj9GhXla\">https:\/\/t.co\/7vAj9GhXla<\/a> <a href=\"https:\/\/twitter.com\/hashtag\/InterIsHere?src=hash&amp;ref_src=twsrc%5Etfw\">#InterIsHere<\/a> <a href=\"https:\/\/twitter.com\/hashtag\/FCIM?src=hash&amp;ref_src=twsrc%5Etfw\">#FCIM<\/a> <a href=\"https:\/\/t.co\/C9JZogHtn6\">pic.twitter.com\/C9JZogHtn6<\/a><\/p>\n<p>&mdash; Inter \u2b50\u2b50 (@Inter) <a href=\"https:\/\/twitter.com\/Inter\/status\/1011571277482557440?ref_src=twsrc%5Etfw\">June 26, 2018<\/a><\/p><\/blockquote>\n<p><script async src=\"https:\/\/platform.twitter.com\/widgets.js\" charset=\"utf-8\"><\/script><\/p>\n<p><strong>Bayern Munich mu\u1ed1n chi\u00eau m\u1ed9 Ricardo Rodriguez<\/strong><\/p>\n<p>Ng\u01b0\u1eddi \u0111\u1ea1i di\u1ec7n c\u1ee7a h\u1eadu v\u1ec7 tr\u00e1i Ricardo Rodriguez th\u1eeba nh\u1eadn th\u00e2n ch\u1ee7 m\u00ecnh \u0111ang \u0111\u01b0\u1ee3c Bayern Munich ti\u1ebfp c\u1eadn. H\u00f9m x\u00e1m \u0111ang l\u00e0m vi\u1ec7c h\u1ebft s\u1ee9c t\u00edch c\u1ef1c \u0111\u1ec3 thuy\u1ebft ph\u1ee5c Milan nh\u1ea3 ng\u01b0\u1eddi ngay sau World Cup 2018.<\/p>\n<p><strong>\u00a0HLV Southgate treo th\u01b0\u1edfng &#8220;l\u1edbn&#8221; cho \u0110T Anh n\u1ebfu \u0111\u00e1nh b\u1ea1i \u0111\u01b0\u1ee3c B\u1ec9<\/strong><\/p>\n<p>HLV Southgate h\u1ee9a s\u1ebd \u0111\u1ec3 c\u00e1c h\u1ecdc tr\u00f2 m\u1edf ti\u1ec7c \u0103n m\u1eebng n\u1ebfu \u0111\u1ea1t th\u00e0nh t\u00edch to\u00e0n th\u1eafng \u1edf v\u00f2ng b\u1ea3ng.\u00a0Sau chi\u1ebfn th\u1eafng \u0111\u1eadm \u0111\u00e0 6-1 c\u1ee7a tuy\u1ec3n Anh tr\u01b0\u1edbc Panama, nh\u1eefng ng\u00f4i sao c\u1ee7a \u0111\u1ea3o qu\u1ed1c S\u01b0\u01a1ng m\u00f9 \u0111\u00e3 \u0111\u1eafm ch\u00ecm trong bia, r\u01b0\u1ee3u v\u00e0 nh\u1ea1c. V\u1ecb HLV 48 tu\u1ed5i ho\u00e0n to\u00e0n t\u00e1n th\u00e0nh v\u00e0 coi \u0111\u00f3 nh\u01b0 m\u1ed9t c\u00e1ch gi\u1ea3i t\u1ecfa \u00e1p l\u1ef1c cho c\u00e1c tuy\u1ec3n th\u1ee7 Tam S\u01b0.<\/p>\n<p><strong>Hai th\u00e0nh vi\u00ean BHL tuy\u1ec3n \u0110\u1ee9c c\u1ea5m d\u1ef1 tr\u1eadn \u0111\u1ea5u v\u1edbi H\u00e0n Qu\u1ed1c<\/strong><\/p>\n<p>Li\u00ean \u0111o\u00e0n b\u00f3ng \u0111\u00e1 \u0110\u1ee9c (DFB) v\u1eeba quy\u1ebft \u0111\u1ecbnh \u0111\u00ecnh ch\u1ec9 c\u00f4ng vi\u1ec7c c\u1ee7a hai th\u00e0nh vi\u00ean trong ban hu\u1ea5n luy\u1ec7n Uli Voigt v\u00e0 Georg Behlau do c\u00f3 h\u00e0nh vi kh\u00f4ng \u0111\u00fang m\u1ef1c \u1edf tr\u1eadn g\u1eb7p Th\u1ee5y \u0110i\u1ec3n v\u1eeba qua.<\/p>\n<p>Trong tr\u1eadn \u0111\u1ea5u gi\u1eefa \u0110\u1ee9c v\u00e0 Th\u1ee5y \u0110i\u1ec3n v\u1eeba qua, camera ghi l\u1ea1i c\u1ea3nh hai tr\u1ee3 l\u00fd Uli Voigt v\u00e0 Georg Behlau \u0111\u00e3 c\u00f3 h\u00e0nh \u0111\u1ed9ng khi\u00eau kh\u00edch h\u01b0\u1edbng v\u1ec1 ph\u00eda c\u00e1c th\u00e0nh vi\u00ean c\u1ee7a \u0111\u1ed9i b\u00f3ng B\u1eafc \u00c2u ngay sau khi Toni Kroos ghi b\u00e0n \u1ea5n \u0111\u1ecbnh chi\u1ebfn th\u1eafng 2-1 cho C\u1ed7 Xe T\u0103ng. S\u1ef1 vi\u1ec7c n\u00e0y d\u1eabn t\u1edbi cu\u1ed9c x\u00f4 x\u00e1t ngay sau tr\u1eadn \u0111\u1ea5u gi\u1eefa c\u00e1c th\u00e0nh vi\u00ean c\u1ee7a hai \u0111\u1ed9i.<\/p>\n<p>&nbsp;<\/p>\n<p><strong>Hazard v\u00e0 De Bruyne &#8220;b\u1eadt&#8221; HLV Martinez<\/strong><\/p>\n<p>Theo ti\u1ebft l\u1ed9 t\u1eeb t\u1edd Mirror, hai ng\u00f4i sao c\u1ee7a \u0110T B\u1ec9 l\u00e0 Eden Hazard v\u00e0 Kevin De Bruyne \u0111\u00e3 ph\u1ea3n \u0111\u1ed1i quy\u1ebft \u0111\u1ecbnh thay \u0111\u1ed5i to\u00e0n b\u1ed9 \u0111\u1ed9i h\u00ecnh ch\u00ednh \u1edf tr\u1eadn \u0111\u1ea5u v\u1edbi Anh v\u00e0 n\u1eb1ng n\u1eb7c \u0111\u00f2i ra s\u00e2n.\u00a0L\u00fd do \u0111\u01b0\u1ee3c b\u1ed9 \u0111\u00f4i n\u00e0y \u0111\u01b0a ra do mu\u1ed1n \u0111\u01b0\u1ee3c \u0111\u1ed1i m\u1eb7t v\u1edbi nh\u1eefng ng\u01b0\u1eddi \u0111\u1ed3ng \u0111\u1ed9i v\u00e0 \u0111\u1ed1i th\u1ee7 \u0111ang ch\u01a1i \u1edf Premier League. B\u00ean c\u1ea1nh \u0111\u00f3, \u0111\u00e2y c\u0169ng l\u00e0 c\u01a1 h\u1ed9i \u0111\u1ec3 B\u1ec9 ki\u1ec3m ch\u1ee9ng s\u1ee9c m\u1ea1nh th\u1ef1c s\u1ef1 c\u1ee7a m\u00ecnh tr\u01b0\u1edbc \u0111\u1ed1i th\u1ee7 m\u1ea1nh. Ngo\u00e0i Hazard v\u00e0 De Bruyne, Lukaku c\u0169ng \u0111ang r\u1ea5t khao kh\u00e1t \u0111\u01b0\u1ee3c ra s\u00e2n \u0111\u1ec3 gia t\u0103ng b\u00e0n th\u1eafng nh\u1eb1m c\u1ea1nh tranh danh hi\u1ec7u &#8220;Vua ph\u00e1 l\u01b0\u1edbi&#8221; v\u1edbi Kane v\u00e0 Ronaldo.<\/p>\n","protected":false},"excerpt":{"rendered":"<p>Hazard v\u00e0 De Bruyne &#8220;b\u1eadt&#8221; HLV Martinez,\u00a0Radja Nainggolan ch\u00ednh th\u1ee9c ra nh\u1eadp Inter l\u00e0 nh\u1eefng tin ch\u00ednh trong b\u1ea3n tin t\u1ed1i 26\/6. Radja Nainggolan ch\u00ednh th\u1ee9c ra nh\u1eadp Inter Trang ch\u1ee7 c\u1ee7a c\u00e2u l\u1ea1c b\u1ed9 Inter Milan x\u00e1c nh\u1eadn \u0111\u1ed9i b\u00f3ng \u00e1o s\u1ecdc xanh \u0111en \u0111\u00e3 ho\u00e0n t\u1ea5t vi\u1ec7c k\u00fd k\u1ebft h\u1ee3p \u0111\u1ed3ng v\u1edbi ti\u1ec1n v\u1ec7 Nainggolan.\u00a0C\u1ea7u th\u1ee7 ng\u01b0\u1eddi B\u1ec9 \u0111\u1eb7t b\u00fat k\u00fd b\u1ea3n\u00a0h\u1ee3p \u0111\u1ed3ng b\u1ed1n n\u0103m v\u1edbi Nerazzurri v\u00e0 c\u00f3 th\u1eddi h\u1ea1n \u0111\u1ebfn ng\u00e0y 30 th\u00e1ng 7 n\u0103m 2022. Inter ph\u1ea3i tr\u1ea3 cho AS Roma 24 tri\u1ec7u Euro v\u00e0 \u0111\u1ec3 Davide Santon c\u00f9ng Nicolo Zaniolo ra \u0111i theo chi\u1ec1u ng\u01b0\u1ee3c l\u1ea1i. #WelcomeNinja! \ud83d\ude4cEcco il primo giorno da nerazzurro di &hellip; <a href=\"https:\/\/football-tribe.com\/vietnam\/2018\/06\/26\/ban-tin-toi-26-6-nainggolan-chinh-thuc-ra-nhap-inter\/\" class=\"tribe-more-link\">Continue reading &#8220;B\u1ea3n tin t\u1ed1i 26\/6: Nainggolan ch\u00ednh th\u1ee9c ra nh\u1eadp Inter&#8221;<\/a><\/p>\n","protected":false},"author":77,"featured_media":64342,"comment_status":"closed","ping_status":"closed","sticky":false,"template":"","format":"standard","meta":{"footnotes":""},"categories":[978],"tags":[2433,812,1447,203,4507,398],"class_list":["post-64335","post","type-post","status-publish","format-standard","has-post-thumbnail","hentry","category-ban-tin","tag-de-bruyne","tag-eden-hazard","tag-gareth-southgate","tag-inter-milan","tag-javier-pastore","tag-nainggolan"],"_links":{"self":[{"href":"https:\/\/football-tribe.com\/vietnam\/wp-json\/wp\/v2\/posts\/64335","targetHints":{"allow":["GET"]}}],"collection":[{"href":"https:\/\/football-tribe.com\/vietnam\/wp-json\/wp\/v2\/posts"}],"about":[{"href":"https:\/\/football-tribe.com\/vietnam\/wp-json\/wp\/v2\/types\/post"}],"author":[{"embeddable":true,"href":"https:\/\/football-tribe.com\/vietnam\/wp-json\/wp\/v2\/users\/77"}],"replies":[{"embeddable":true,"href":"https:\/\/football-tribe.com\/vietnam\/wp-json\/wp\/v2\/comments?post=64335"}],"version-history":[{"count":0,"href":"https:\/\/football-tribe.com\/vietnam\/wp-json\/wp\/v2\/posts\/64335\/revisions"}],"wp:featuredmedia":[{"embeddable":true,"href":"https:\/\/football-tribe.com\/vietnam\/wp-json\/wp\/v2\/media\/64342"}],"wp:attachment":[{"href":"https:\/\/football-tribe.com\/vietnam\/wp-json\/wp\/v2\/media?parent=64335"}],"wp:term":[{"taxonomy":"category","embeddable":true,"href":"https:\/\/football-tribe.com\/vietnam\/wp-json\/wp\/v2\/categories?post=64335"},{"taxonomy":"post_tag","embeddable":true,"href":"https:\/\/football-tribe.com\/vietnam\/wp-json\/wp\/v2\/tags?post=64335"}],"curies":[{"name":"wp","href":"https:\/\/api.w.org\/{rel}","templated":true}]}}