{"id":44418,"date":"2018-03-05T11:32:23","date_gmt":"2018-03-05T04:32:23","guid":{"rendered":"https:\/\/football-tribe.com\/vietnam\/?p=44418"},"modified":"2018-03-05T12:07:03","modified_gmt":"2018-03-05T05:07:03","slug":"diem-tin-real-madrid-05-03","status":"publish","type":"post","link":"https:\/\/football-tribe.com\/vietnam\/2018\/03\/05\/diem-tin-real-madrid-05-03\/","title":{"rendered":"\u0110i\u1ec3m tin Real Madrid 05\/03: &#8216;Tr\u00e1i tim &#8211; Bu\u1ed3ng ph\u1ed5i&#8217; m\u1ea1nh kh\u1ecfe tr\u1edf l\u1ea1i"},"content":{"rendered":"<p><strong>Nh\u1eefng tin t\u1ee9c c\u1eadp nh\u1eadt v\u1ec1 Luka Modric, Toni Kroos v\u00e0 tr\u1eadn \u0111\u1ea5u l\u01b0\u1ee3t v\u1ec1 Champions League 2017\/18 s\u1ebd tr\u1edf th\u00e0nh n\u1ed9i dung ch\u00ednh ng\u00e0y h\u00f4m nay.<\/strong><\/p>\n<p><strong>1. Tr\u00e1i tim v\u00e0 bu\u1ed3ng ph\u1ed5i kh\u1ecfe m\u1ea1nh tr\u1edf l\u1ea1i<\/strong><br \/>\nHai c\u1ea7u th\u1ee7 th\u01b0\u1eddng \u0111\u01b0\u1ee3c coi nh\u01b0 &#8216;tr\u00e1i tim&#8217; Luka Modric v\u00e0 &#8216;bu\u1ed3ng ph\u1ed5i&#8217; Toni Kroos \u0111\u00e3 tr\u1edf l\u1ea1i t\u1eadp luy\u1ec7n c\u00f9ng to\u00e0n \u0111\u1ed9i t\u1eeb h\u00f4m qua (Ch\u1ee7 nh\u1eadt). Ch\u01b0a \u0111\u1ea7y 48 ti\u1ebfng n\u1eefa, Real Madrid s\u1ebd \u0111\u1ed1i \u0111\u1ea7u v\u1edbi Paris Saint Germain trong tr\u1eadn l\u01b0\u1ee3t v\u1ec1 Champions League v\u00e0 HLV Zidane s\u1ebd b\u1edbt \u0111au \u0111\u1ea7u sau khi b\u1ed9 \u0111\u00f4i n\u00f3i tr\u00ean ngh\u1ec9 thi \u0111\u1ea5u ba tu\u1ea7n nay. Nh\u00e0 c\u1ea7m qu\u00e2n ng\u01b0\u1eddi Ph\u00e1p s\u1ebd c\u00e2n nh\u1eafc v\u00e0 \u0111\u01b0a ra quy\u1ebft \u0111\u1ecbnh li\u1ec7u c\u00f3 s\u1eed d\u1ee5ng Modric &#8211; Kroos hay kh\u00f4ng trong tr\u1eadn \u0111\u1ea5u \u0111\u00eam mai, r\u1ea1ng s\u00e1ng ng\u00e0y kia (gi\u1edd Vi\u1ec7t Nam).<\/p>\n<p><img loading=\"lazy\" decoding=\"async\" class=\"alignnone size-full wp-image-44423\" src=\"https:\/\/football-tribe.com\/vietnam\/wp-content\/uploads\/sites\/11\/2018\/03\/Madrid-5-Kross-Modric.jpg\" alt=\"\" width=\"1200\" height=\"630\" srcset=\"https:\/\/football-tribe.com\/vietnam\/wp-content\/uploads\/sites\/11\/2018\/03\/Madrid-5-Kross-Modric-768x403.jpg 768w, https:\/\/football-tribe.com\/vietnam\/wp-content\/uploads\/sites\/11\/2018\/03\/Madrid-5-Kross-Modric-800x420.jpg 800w, https:\/\/football-tribe.com\/vietnam\/wp-content\/uploads\/sites\/11\/2018\/03\/Madrid-5-Kross-Modric-350x184.jpg 350w, https:\/\/football-tribe.com\/vietnam\/wp-content\/uploads\/sites\/11\/2018\/03\/Madrid-5-Kross-Modric-680x357.jpg 680w, https:\/\/football-tribe.com\/vietnam\/wp-content\/uploads\/sites\/11\/2018\/03\/Madrid-5-Kross-Modric-560x294.jpg 560w\" sizes=\"auto, (max-width: 1200px) 100vw, 1200px\" \/><!--nextpage--><\/p>\n<p><strong>2. UEFA ch\u1ec9 \u0111\u1ecbnh tr\u1ecdng t\u00e0i b\u1eaft tr\u1eadn l\u01b0\u1ee3t v\u1ec1 PSG &#8211; Real Madrid<\/strong><\/p>\n<p>Tr\u1ecdng t\u00e0i ng\u01b0\u1eddi \u0110\u1ee9c Felix Zwayer Brych s\u1ebd \u0111i\u1ec1u khi\u1ec3n tr\u1eadn \u0111\u1ea5u tr\u00ean s\u00e2n Parc de Princess th\u1ee9 ba t\u1edbi. V\u1ecb tr\u1ecdng t\u00e0i 43 tu\u1ed5i c\u00f3 th\u1ec3 \u0111\u01b0\u1ee3c coi nh\u01b0 m\u1ed9t \u0111i\u1ec1m may v\u1edbi \u0111\u1ed9i b\u00f3ng Ho\u00e0ng gia. Ch\u00ednh \u00f4ng \u0111i\u1ec1u khi\u1ec3n tr\u1eadn chung k\u1ebft Champions League 2016\/17, tr\u1eadn \u0111\u1ea5u Madrid th\u1eafng Juventus 4-1 t\u1ea1i Cardiff \u0111\u1ec3 l\u00ean ng\u00f4i V\u01b0\u01a1ng.<\/p>\n<p><img loading=\"lazy\" decoding=\"async\" class=\"alignnone size-full wp-image-44420\" src=\"https:\/\/football-tribe.com\/vietnam\/wp-content\/uploads\/sites\/11\/2018\/03\/Madrid-5-Felix.jpg\" alt=\"\" width=\"1200\" height=\"630\" srcset=\"https:\/\/football-tribe.com\/vietnam\/wp-content\/uploads\/sites\/11\/2018\/03\/Madrid-5-Felix-768x403.jpg 768w, https:\/\/football-tribe.com\/vietnam\/wp-content\/uploads\/sites\/11\/2018\/03\/Madrid-5-Felix-800x420.jpg 800w, https:\/\/football-tribe.com\/vietnam\/wp-content\/uploads\/sites\/11\/2018\/03\/Madrid-5-Felix-350x184.jpg 350w, https:\/\/football-tribe.com\/vietnam\/wp-content\/uploads\/sites\/11\/2018\/03\/Madrid-5-Felix-680x357.jpg 680w, https:\/\/football-tribe.com\/vietnam\/wp-content\/uploads\/sites\/11\/2018\/03\/Madrid-5-Felix-560x294.jpg 560w\" sizes=\"auto, (max-width: 1200px) 100vw, 1200px\" \/><!--nextpage--><\/p>\n<p><strong>3.Mbappe ch\u1ea1y \u0111ua v\u1edbi th\u1eddi gian:<\/strong><\/p>\n<p>PSG c\u00f2n ch\u01b0a \u0111\u1ea7y 48 ti\u1ebfng \u0111\u1ec3 ch\u1edd \u0111\u1ee3i Kyllian Mbappe li\u1ec7u c\u00f3 th\u1ec3 thi \u0111\u1ea5u hay kh\u00f4ng, trong b\u1ed1i c\u1ea3nh \u0111\u1ed9i b\u00f3ng nh\u00e0 gi\u00e0u n\u01b0\u1edbc Ph\u00e1p ch\u1eafc ch\u1eafn m\u1ea5t Neymar trong tr\u1eadn \u0111\u1ea5u l\u01b0\u1ee3t v\u1ec1 v\u00f2ng lo\u1ea1i tr\u1ef1c ti\u1ebfp Champions League v\u1edbi Real Madrid.<\/p>\n<p>Ch\u1ea5n th\u01b0\u01a1ng khi\u1ebfn Mbappe v\u1eafng m\u1eb7t trong tr\u1eadn \u0111\u1ea5u g\u1ea7n nh\u1ea5t PSG g\u1eb7p Troyes. Ngu\u1ed3n tin th\u00e2n c\u1eadn c\u1ee7a t\u1edd Telefoot kh\u1eb3ng \u0111\u1ecbnh Mbappe c\u00f9ng c\u00e1c b\u00e1c s\u0129 d\u00e0nh hai ng\u00e0y Ch\u1ee7 nh\u1eadt v\u00e0 th\u1ee9 Hai theo d\u00f5i li\u1ec7u m\u1eaft c\u00e1 c\u1ee7a anh c\u00f3 \u1ed5n hay kh\u00f4ng. Ph\u00f3ng vi\u00ean c\u1ee7a t\u1edd Telefoot, Julian Maynard, n\u00f3i:<\/p>\n<blockquote><p><strong><em>Vi\u1ec7c Mbappe c\u00f3 ra s\u00e2n hay kh\u00f4ng v\u1eabn ph\u1ea3i ch\u1edd nh\u01b0ng ph\u00eda PSG c\u00f3 v\u1ebb kh\u00e1 t\u1ef1 tin s\u1ed1 29 s\u1ebd ch\u01a1i ngay t\u1eeb \u0111\u1ea7u.<\/em><\/strong><\/p><\/blockquote>\n<p><img loading=\"lazy\" decoding=\"async\" class=\"alignnone size-full wp-image-44422\" src=\"https:\/\/football-tribe.com\/vietnam\/wp-content\/uploads\/sites\/11\/2018\/03\/Mbappe.jpg\" alt=\"\" width=\"1200\" height=\"630\" srcset=\"https:\/\/football-tribe.com\/vietnam\/wp-content\/uploads\/sites\/11\/2018\/03\/Mbappe-768x403.jpg 768w, https:\/\/football-tribe.com\/vietnam\/wp-content\/uploads\/sites\/11\/2018\/03\/Mbappe-800x420.jpg 800w, https:\/\/football-tribe.com\/vietnam\/wp-content\/uploads\/sites\/11\/2018\/03\/Mbappe-350x184.jpg 350w, https:\/\/football-tribe.com\/vietnam\/wp-content\/uploads\/sites\/11\/2018\/03\/Mbappe-680x357.jpg 680w, https:\/\/football-tribe.com\/vietnam\/wp-content\/uploads\/sites\/11\/2018\/03\/Mbappe-560x294.jpg 560w\" sizes=\"auto, (max-width: 1200px) 100vw, 1200px\" \/><!--nextpage--><\/p>\n<p><strong>4. M\u1ed1c 150 c\u1ee7a Isco<\/strong><\/p>\n<p>Isco ch\u00ednh th\u1ee9c \u0111\u1ea1t m\u1ed1c 150 tr\u1eadn t\u1ea1i La Liga cho Real Madrid sau khi ra s\u00e2n trong tr\u1eadn th\u1eafng Getafe cu\u1ed1i tu\u1ea7n qua. Ti\u1ec1n v\u1ec7 sinh ra t\u1ea1i Malaga sau 5 m\u00f9a ch\u01a1i cho \u0111\u1ed9i b\u00f3ng Ho\u00e0ng gia \u0111\u00e3 c\u00f3 109 chi\u1ebfn th\u1eafng, ghi 30 b\u00e0n th\u1eafng t\u1ea1i gi\u1ea3i qu\u1ed1c n\u1ed9i.<br \/>\nK\u1ec3 t\u1eeb khi gia nh\u1eadp Los Blancos th\u00e1ng 8\/2013, Isco c\u00f9ng CLB \u0111\u00e3 c\u00f3 3 danh hi\u1ec7u Champions League, 3 danh hi\u1ec7u v\u00f4 \u0111\u1ecbch c\u00e1c c\u00e2u l\u1ea1c b\u1ed9 th\u1ebf gi\u1edbi, 3 si\u00eau c\u00fap ch\u00e2u \u00c2u. Tr\u00ean m\u1eb7t tr\u1eadn qu\u1ed1c n\u1ed9i, anh k\u1ecbp s\u01b0u t\u1ea7m cho m\u00ecnh 1 danh hi\u1ec7u La Liga, 1 Copa del Rey v\u00e0 1 si\u00eau cup T\u00e2y Ban Nha.<\/p>\n<p><img loading=\"lazy\" decoding=\"async\" class=\"alignnone size-full wp-image-44421\" src=\"https:\/\/football-tribe.com\/vietnam\/wp-content\/uploads\/sites\/11\/2018\/03\/Madrid-5-Isco.jpg\" alt=\"\" width=\"1200\" height=\"630\" srcset=\"https:\/\/football-tribe.com\/vietnam\/wp-content\/uploads\/sites\/11\/2018\/03\/Madrid-5-Isco-768x403.jpg 768w, https:\/\/football-tribe.com\/vietnam\/wp-content\/uploads\/sites\/11\/2018\/03\/Madrid-5-Isco-800x420.jpg 800w, https:\/\/football-tribe.com\/vietnam\/wp-content\/uploads\/sites\/11\/2018\/03\/Madrid-5-Isco-350x184.jpg 350w, https:\/\/football-tribe.com\/vietnam\/wp-content\/uploads\/sites\/11\/2018\/03\/Madrid-5-Isco-680x357.jpg 680w, https:\/\/football-tribe.com\/vietnam\/wp-content\/uploads\/sites\/11\/2018\/03\/Madrid-5-Isco-560x294.jpg 560w\" sizes=\"auto, (max-width: 1200px) 100vw, 1200px\" \/><!--nextpage--><\/p>\n<p>&nbsp;<\/p>\n<p><strong>5. Marcos Llorente t\u1ef1 tin tr\u01b0\u1edbc tr\u1eadn \u0111\u00e1nh l\u1edbn:<\/strong><br \/>\nTi\u1ec1n v\u1ec7 tr\u1ebb Marcos Llorente t\u1ef1 tin tr\u01b0\u1edbc tr\u1eadn \u0111\u00e1nh l\u1edbn v\u1edbi PSG th\u1ee9 Ba t\u1edbi.<\/p>\n<blockquote><p><strong><em>PSG thi\u1ebfu v\u1eafng nh\u1eefng c\u1ea7u th\u1ee7 quan tr\u1ecdng gi\u1ed1ng ch\u00fang t\u00f4i. C\u1ea3 \u0111\u1ed9i s\u1ebd ch\u01a1i v\u1edbi 100% kh\u1ea3 n\u0103ng. Real Madrid s\u1edf h\u1eefu \u0111\u1ed9i h\u00ecnh c\u00f3 chi\u1ec1u s\u00e2u, ch\u00fang t\u00f4i \u0111ang ch\u01a1i t\u1ed1t tr\u1ea3 l\u1ee3i. Ch\u00fang t\u00f4i s\u1ebd l\u1ecdt v\u00e0o v\u00f2ng \u0111\u1ea5u ti\u1ebfp theo.<\/em><\/strong><\/p><\/blockquote>\n<p><img loading=\"lazy\" decoding=\"async\" class=\"alignnone size-full wp-image-44424\" src=\"https:\/\/football-tribe.com\/vietnam\/wp-content\/uploads\/sites\/11\/2018\/03\/Marcos-Llorente.jpg\" alt=\"\" width=\"1200\" height=\"630\" srcset=\"https:\/\/football-tribe.com\/vietnam\/wp-content\/uploads\/sites\/11\/2018\/03\/Marcos-Llorente-768x403.jpg 768w, https:\/\/football-tribe.com\/vietnam\/wp-content\/uploads\/sites\/11\/2018\/03\/Marcos-Llorente-800x420.jpg 800w, https:\/\/football-tribe.com\/vietnam\/wp-content\/uploads\/sites\/11\/2018\/03\/Marcos-Llorente-350x184.jpg 350w, https:\/\/football-tribe.com\/vietnam\/wp-content\/uploads\/sites\/11\/2018\/03\/Marcos-Llorente-680x357.jpg 680w, https:\/\/football-tribe.com\/vietnam\/wp-content\/uploads\/sites\/11\/2018\/03\/Marcos-Llorente-560x294.jpg 560w\" sizes=\"auto, (max-width: 1200px) 100vw, 1200px\" \/><\/p>\n","protected":false},"excerpt":{"rendered":"<p>Nh\u1eefng tin t\u1ee9c c\u1eadp nh\u1eadt v\u1ec1 Luka Modric, Toni Kroos v\u00e0 tr\u1eadn \u0111\u1ea5u l\u01b0\u1ee3t v\u1ec1 Champions League 2017\/18 s\u1ebd tr\u1edf th\u00e0nh n\u1ed9i dung ch\u00ednh ng\u00e0y h\u00f4m nay. 1. Tr\u00e1i tim v\u00e0 bu\u1ed3ng ph\u1ed5i kh\u1ecfe m\u1ea1nh tr\u1edf l\u1ea1i Hai c\u1ea7u th\u1ee7 th\u01b0\u1eddng \u0111\u01b0\u1ee3c coi nh\u01b0 &#8216;tr\u00e1i tim&#8217; Luka Modric v\u00e0 &#8216;bu\u1ed3ng ph\u1ed5i&#8217; Toni Kroos \u0111\u00e3 tr\u1edf l\u1ea1i t\u1eadp luy\u1ec7n c\u00f9ng to\u00e0n \u0111\u1ed9i t\u1eeb h\u00f4m qua (Ch\u1ee7 nh\u1eadt). Ch\u01b0a \u0111\u1ea7y 48 ti\u1ebfng n\u1eefa, Real Madrid s\u1ebd \u0111\u1ed1i \u0111\u1ea7u v\u1edbi Paris Saint Germain trong tr\u1eadn l\u01b0\u1ee3t v\u1ec1 Champions League v\u00e0 HLV Zidane s\u1ebd b\u1edbt \u0111au \u0111\u1ea7u sau khi b\u1ed9 \u0111\u00f4i n\u00f3i tr\u00ean ngh\u1ec9 thi \u0111\u1ea5u ba tu\u1ea7n nay. Nh\u00e0 c\u1ea7m qu\u00e2n ng\u01b0\u1eddi Ph\u00e1p &hellip; <a href=\"https:\/\/football-tribe.com\/vietnam\/2018\/03\/05\/diem-tin-real-madrid-05-03\/\" class=\"tribe-more-link\">Continue reading &#8220;\u0110i\u1ec3m tin Real Madrid 05\/03: &#8216;Tr\u00e1i tim &#8211; Bu\u1ed3ng ph\u1ed5i&#8217; m\u1ea1nh kh\u1ecfe tr\u1edf l\u1ea1i&#8221;<\/a><\/p>\n","protected":false},"author":53,"featured_media":44419,"comment_status":"closed","ping_status":"closed","sticky":false,"template":"","format":"standard","meta":{"footnotes":""},"categories":[1780],"tags":[3305,113,110,657],"class_list":["post-44418","post","type-post","status-publish","format-standard","has-post-thumbnail","hentry","category-bong-da-tay-ban-nha","tag-luka-modric","tag-real-madrid","tag-slider","tag-toni-kroos"],"_links":{"self":[{"href":"https:\/\/football-tribe.com\/vietnam\/wp-json\/wp\/v2\/posts\/44418","targetHints":{"allow":["GET"]}}],"collection":[{"href":"https:\/\/football-tribe.com\/vietnam\/wp-json\/wp\/v2\/posts"}],"about":[{"href":"https:\/\/football-tribe.com\/vietnam\/wp-json\/wp\/v2\/types\/post"}],"author":[{"embeddable":true,"href":"https:\/\/football-tribe.com\/vietnam\/wp-json\/wp\/v2\/users\/53"}],"replies":[{"embeddable":true,"href":"https:\/\/football-tribe.com\/vietnam\/wp-json\/wp\/v2\/comments?post=44418"}],"version-history":[{"count":0,"href":"https:\/\/football-tribe.com\/vietnam\/wp-json\/wp\/v2\/posts\/44418\/revisions"}],"wp:featuredmedia":[{"embeddable":true,"href":"https:\/\/football-tribe.com\/vietnam\/wp-json\/wp\/v2\/media\/44419"}],"wp:attachment":[{"href":"https:\/\/football-tribe.com\/vietnam\/wp-json\/wp\/v2\/media?parent=44418"}],"wp:term":[{"taxonomy":"category","embeddable":true,"href":"https:\/\/football-tribe.com\/vietnam\/wp-json\/wp\/v2\/categories?post=44418"},{"taxonomy":"post_tag","embeddable":true,"href":"https:\/\/football-tribe.com\/vietnam\/wp-json\/wp\/v2\/tags?post=44418"}],"curies":[{"name":"wp","href":"https:\/\/api.w.org\/{rel}","templated":true}]}}