{"id":29566,"date":"2017-11-17T11:12:44","date_gmt":"2017-11-17T04:12:44","guid":{"rendered":"https:\/\/football-tribe.com\/vietnam\/?p=29566"},"modified":"2017-11-17T11:12:44","modified_gmt":"2017-11-17T04:12:44","slug":"ibrahimovic-nho-toi-la-so-10","status":"publish","type":"post","link":"https:\/\/football-tribe.com\/vietnam\/2017\/11\/17\/ibrahimovic-nho-toi-la-so-10\/","title":{"rendered":"Ibrahimovic: &#8220;S\u1eed s\u00e1ch s\u1ebd lu\u00f4n ghi nh\u1edb t\u00f4i l\u00e0 m\u1ed9t s\u1ed1 10&#8221;"},"content":{"rendered":"<p><strong>Zlatan Ibrahimovic m\u1edbi \u0111\u00e2y \u0111\u00e3 \u00fap m\u1edf v\u1ec1 vi\u1ec7c \u0111\u1ea3m nh\u1eadn vai tr\u00f2 c\u1ee7a m\u1ed9t &#8216;s\u1ed1 10&#8217; khi tr\u1edf l\u1ea1i cho Manchester United sau qu\u00e3ng th\u1eddi gian d\u00e0i \u0111i\u1ec1u tr\u1ecb ch\u1ea5n th\u01b0\u01a1ng.<\/strong><\/p>\n<p>Ch\u00e2n s\u00fat 35 tu\u1ed5i v\u1eabn ch\u01b0a x\u1ecf gi\u00e0y ra s\u00e2n tr\u1edf l\u1ea1i k\u1ec3 t\u1eeb khi b\u1ecb \u0111\u1ee9t d\u00e2y ch\u1eb1ng \u0111\u1ea7u g\u1ed1i h\u1ed3i th\u00e1ng T\u01b0 trong tr\u1eadn t\u1ee9 k\u1ebft tr\u01b0\u1edbc Anderlecht t\u1ea1i Europa League.<\/p>\n<p><a href=\"https:\/\/football-tribe.com\/vietnam\/2017\/11\/16\/mourinho-zlatan-tro-lai-2017\/\">Jose Mourinho m\u1edbi \u0111\u00e2y \u0111\u00e3 ti\u1ebft l\u1ed9 r\u1eb1ng \u00f4ng k\u00ec v\u1ecdng c\u1eadu h\u1ecdc tr\u00f2 s\u1ebd tr\u1edf l\u1ea1i tr\u01b0\u1edbc khi n\u0103m 2017 k\u1ebft th\u00fac.<\/a><\/p>\n<p>M\u1ecdi th\u1ee9 \u0111\u00e3 thay \u0111\u1ed5i t\u1ea1i k\u1ec3 t\u1eeb l\u1ea7n ra s\u00e2n g\u1ea7n nh\u1ea5t c\u1ee7a Zlatan Ibrahimovic: United chia tay Wayne Rooney v\u00e0 Romelu Lukaku c\u1eadp b\u1ebfn Old Trafford. <a href=\"http:\/\/www.mirror.co.uk\/sport\/football\/news\/zlatan-ibrahimovic-reveals-feelings-towards-11047700\">Qua \u0111\u00f3 Zlatan \u0111\u00e3 l\u1ea5y chi\u1ebfc \u00e1o s\u1ed1 1o v\u00e0 nh\u01b0\u1eddng l\u1ea1i s\u1ed1 9 cho t\u00e2n binh ng\u01b0\u1eddi B\u1ec9.<\/a><\/p>\n<p>&nbsp;<\/p>\n<figure id=\"attachment_29575\" aria-describedby=\"caption-attachment-29575\" style=\"width: 810px\" class=\"wp-caption aligncenter\"><img loading=\"lazy\" decoding=\"async\" class=\"size-full wp-image-29575\" src=\"https:\/\/football-tribe.com\/vietnam\/wp-content\/uploads\/sites\/11\/2017\/11\/DOlpR5LXkAAV8CO.jpg\" alt=\"\" width=\"810\" height=\"451\" srcset=\"https:\/\/football-tribe.com\/vietnam\/wp-content\/uploads\/sites\/11\/2017\/11\/DOlpR5LXkAAV8CO.jpg 810w, https:\/\/football-tribe.com\/vietnam\/wp-content\/uploads\/sites\/11\/2017\/11\/DOlpR5LXkAAV8CO-768x428.jpg 768w, https:\/\/football-tribe.com\/vietnam\/wp-content\/uploads\/sites\/11\/2017\/11\/DOlpR5LXkAAV8CO-800x445.jpg 800w, https:\/\/football-tribe.com\/vietnam\/wp-content\/uploads\/sites\/11\/2017\/11\/DOlpR5LXkAAV8CO-350x195.jpg 350w, https:\/\/football-tribe.com\/vietnam\/wp-content\/uploads\/sites\/11\/2017\/11\/DOlpR5LXkAAV8CO-680x380.jpg 680w, https:\/\/football-tribe.com\/vietnam\/wp-content\/uploads\/sites\/11\/2017\/11\/DOlpR5LXkAAV8CO-560x312.jpg 560w\" sizes=\"auto, (max-width: 810px) 100vw, 810px\" \/><figcaption id=\"caption-attachment-29575\" class=\"wp-caption-text\">Lukaku t\u1eebng chia s\u1ebb r\u1eb1ng anh r\u1ea5t h\u00e1o h\u1ee9c \u0111\u01b0\u1ee3c s\u00e1t c\u00e1nh c\u00f9ng Ibrahimovic khi ti\u1ec1n \u0111\u1ea1o ng\u01b0\u1eddi Th\u1ee5y \u0110i\u1ec3n quay tr\u1edf l\u1ea1i thi \u0111\u1ea5u. \u1ea2nh: Twitter.<\/figcaption><\/figure>\n<p>&nbsp;<\/p>\n<p>Tuy nhi\u00ean, Ibrahimovic, ng\u01b0\u1eddi s\u1edf h\u1eefu chi\u1ebfc \u00e1o s\u1ed1 10 \u1edf \u0110T Th\u1ee5y \u0110i\u1ec3n v\u00e0 Paris Saint-Germain, m\u1edbi \u0111\u00e2y \u0111\u00e3 chia s\u1ebb v\u1ec1 tr\u1ecdng tr\u00e1ch l\u1edbn lao c\u1ee7a chi\u1ebfc \u00e1o s\u1ed1 10 v\u00e0 tuy\u00ean b\u1ed1 m\u00ecnh s\u1ebd m\u1eb7c v\u1eeba n\u00f3 t\u1ea1i United.<\/p>\n<div class=\"-bp30-hdn is-hidden--bp30\">&#8220;\u0110\u1ed1i v\u1edbi t\u00f4i s\u1ed1 10 l\u00e0 ng\u00f4i sao,&#8221; Zlatan ph\u00e1t bi\u1ec3u trong m\u1ed9t \u0111o\u1ea1n video qu\u1ea3ng c\u00e1o cho h\u00e3ng Volvo. &#8220;N\u00f3 l\u00e0 th\u1ee9 t\u1ea1o n\u00ean s\u1ef1 kh\u00e1c bi\u1ec7t, thu h\u00fat s\u1ef1 ch\u00fa \u00fd, quy\u1ebft \u0111\u1ecbnh tr\u1eadn \u0111\u1ea5u v\u00e0 n\u00f3 d\u00e0nh cho m\u1ed9t th\u1ee7 l\u0129nh.<\/div>\n<div><\/div>\n<div><\/div>\n<div>\n<figure id=\"attachment_29577\" aria-describedby=\"caption-attachment-29577\" style=\"width: 1200px\" class=\"wp-caption aligncenter\"><img loading=\"lazy\" decoding=\"async\" class=\"size-full wp-image-29577\" src=\"https:\/\/football-tribe.com\/vietnam\/wp-content\/uploads\/sites\/11\/2017\/11\/DOldxg7W4AAE6u4.jpg\" alt=\"Ibrahimovic\" width=\"1200\" height=\"800\" srcset=\"https:\/\/football-tribe.com\/vietnam\/wp-content\/uploads\/sites\/11\/2017\/11\/DOldxg7W4AAE6u4-768x512.jpg 768w, https:\/\/football-tribe.com\/vietnam\/wp-content\/uploads\/sites\/11\/2017\/11\/DOldxg7W4AAE6u4-800x533.jpg 800w, https:\/\/football-tribe.com\/vietnam\/wp-content\/uploads\/sites\/11\/2017\/11\/DOldxg7W4AAE6u4-338x225.jpg 338w, https:\/\/football-tribe.com\/vietnam\/wp-content\/uploads\/sites\/11\/2017\/11\/DOldxg7W4AAE6u4-570x380.jpg 570w, https:\/\/football-tribe.com\/vietnam\/wp-content\/uploads\/sites\/11\/2017\/11\/DOldxg7W4AAE6u4-560x373.jpg 560w\" sizes=\"auto, (max-width: 1200px) 100vw, 1200px\" \/><figcaption id=\"caption-attachment-29577\" class=\"wp-caption-text\">Li\u1ec7u Zlatan c\u00f3 t\u00e1i xu\u1ea5t trong m\u00e1u \u00e1o Th\u1ee5y \u0110i\u1ec3n? \u1ea2nh: Twitter.<\/figcaption><\/figure>\n<\/div>\n<div><\/div>\n<p>&#8220;T\u00f4i nh\u1eadn th\u1ea5y r\u1eb1ng chi\u1ebfc \u00e1o s\u1ed1 10 l\u00e0 \u0111\u1ec3 d\u00e0nh cho t\u00f4i. N\u00f3 kh\u00f4ng ph\u1ea3i l\u00e0 m\u1ed9t th\u1ee9 m\u00e0 b\u1ea1n \u0111\u01b0\u1ee3c ban t\u1eb7ng m\u00e0 ch\u1ec9 d\u00e0nh cho ng\u01b0\u1eddi ph\u00f9 h\u1ee3p nh\u1ea5t v\u00e0 n\u00f3 lu\u00f4n l\u00e0 nh\u01b0 v\u1eady.<\/p>\n<p>&#8220;Th\u00e0nh th\u1ef1c m\u00e0 n\u00f3i, s\u1ed1 10 gi\u1ed1ng nh\u01b0 m\u1ed9t li\u1ec1u thu\u1ed1c k\u00edch th\u00edch t\u00f4i quay tr\u1edf l\u1ea1i sau ch\u1ea5n th\u01b0\u01a1ng b\u1edfi tr\u01b0\u1edbc \u0111\u00f3 t\u00f4i \u0111\u00e3 s\u1edf h\u1eefu n\u00f3 \u1edf \u0110TQG v\u00e0 PSG.<\/p>\n<p>&#8220;\u0110\u00e1ng ra t\u00f4i \u0111\u00e3 kho\u00e1c n\u00f3 l\u00ean m\u00ecnh t\u1ea1i Inter nh\u01b0ng ngay sau \u0111\u00f3 t\u00f4i \u0111\u00e3 chuy\u1ec3n \u0111\u1ebfn Barca. \u1ede Milan t\u00f4i c\u0169ng mu\u1ed1n s\u1edf h\u1eefu nh\u01b0ng \u0111\u00e3 ch\u1ecdn s\u1ed1 11 v\u00ec s\u1ef1 t\u00f4n tr\u1ecdng d\u00e0nh cho huy\u1ec1n tho\u1ea1i. C\u00f2n \u1edf Ajax th\u00ec t\u00f4i kh\u00f4ng c\u00f3.<\/p>\n<p>&#8220;T\u00f4i c\u1ea3m th\u1ea5y m\u00ecnh l\u00e0 m\u1ed9t s\u1ed1 10 v\u00e0 t\u00f4i \u0111\u1ea1i di\u1ec7n cho n\u00f3. S\u1eed s\u00e1ch s\u1ebd lu\u00f4n ghi nh\u1edb t\u00f4i l\u00e0 m\u1ed9t s\u1ed1 10.&#8221;<\/p>\n<p>&nbsp;<\/p>\n<figure id=\"attachment_29576\" aria-describedby=\"caption-attachment-29576\" style=\"width: 720px\" class=\"wp-caption alignnone\"><img loading=\"lazy\" decoding=\"async\" class=\"size-full wp-image-29576\" src=\"https:\/\/football-tribe.com\/vietnam\/wp-content\/uploads\/sites\/11\/2017\/11\/DOwuasLVAAEdzUe.jpg\" alt=\"Ibrahimovic\" width=\"720\" height=\"960\" srcset=\"https:\/\/football-tribe.com\/vietnam\/wp-content\/uploads\/sites\/11\/2017\/11\/DOwuasLVAAEdzUe.jpg 720w, https:\/\/football-tribe.com\/vietnam\/wp-content\/uploads\/sites\/11\/2017\/11\/DOwuasLVAAEdzUe-450x600.jpg 450w, https:\/\/football-tribe.com\/vietnam\/wp-content\/uploads\/sites\/11\/2017\/11\/DOwuasLVAAEdzUe-169x225.jpg 169w, https:\/\/football-tribe.com\/vietnam\/wp-content\/uploads\/sites\/11\/2017\/11\/DOwuasLVAAEdzUe-285x380.jpg 285w, https:\/\/football-tribe.com\/vietnam\/wp-content\/uploads\/sites\/11\/2017\/11\/DOwuasLVAAEdzUe-560x747.jpg 560w\" sizes=\"auto, (max-width: 720px) 100vw, 720px\" \/><figcaption id=\"caption-attachment-29576\" class=\"wp-caption-text\">Huy\u1ec1n tho\u1ea1i PSG. \u1ea2nh: Twitter.<\/figcaption><\/figure>\n<p>&nbsp;<\/p>\n<p>Sau s\u00e1u th\u00e1ng \u0111i\u1ec1u tr\u1ecb ph\u1ee5c h\u1ed3i, Ibrahimovic &#8211; ch\u00e2n s\u00fat h\u00e0ng \u0111\u1ea7u c\u1ee7a United v\u1edbi 28 b\u00e0n m\u00f9a tr\u01b0\u1edbc &#8211; \u0111\u00e3 quay tr\u1edf l\u1ea1i t\u1eadp luy\u1ec7n t\u1ea1i khu t\u1ed5 h\u1ee3p AON \u1edf Carrington h\u1ed3i th\u00e1ng 10.<\/p>\n<p>&nbsp;<\/p>\n<p><em>Theo Sky Sports<\/em><\/p>\n","protected":false},"excerpt":{"rendered":"<p>Zlatan Ibrahimovic m\u1edbi \u0111\u00e2y \u0111\u00e3 \u00fap m\u1edf v\u1ec1 vi\u1ec7c \u0111\u1ea3m nh\u1eadn vai tr\u00f2 c\u1ee7a m\u1ed9t &#8216;s\u1ed1 10&#8217; khi tr\u1edf l\u1ea1i cho Manchester United sau qu\u00e3ng th\u1eddi gian d\u00e0i \u0111i\u1ec1u tr\u1ecb ch\u1ea5n th\u01b0\u01a1ng. Ch\u00e2n s\u00fat 35 tu\u1ed5i v\u1eabn ch\u01b0a x\u1ecf gi\u00e0y ra s\u00e2n tr\u1edf l\u1ea1i k\u1ec3 t\u1eeb khi b\u1ecb \u0111\u1ee9t d\u00e2y ch\u1eb1ng \u0111\u1ea7u g\u1ed1i h\u1ed3i th\u00e1ng T\u01b0 trong tr\u1eadn t\u1ee9 k\u1ebft tr\u01b0\u1edbc Anderlecht t\u1ea1i Europa League. Jose Mourinho m\u1edbi \u0111\u00e2y \u0111\u00e3 ti\u1ebft l\u1ed9 r\u1eb1ng \u00f4ng k\u00ec v\u1ecdng c\u1eadu h\u1ecdc tr\u00f2 s\u1ebd tr\u1edf l\u1ea1i tr\u01b0\u1edbc khi n\u0103m 2017 k\u1ebft th\u00fac. M\u1ecdi th\u1ee9 \u0111\u00e3 thay \u0111\u1ed5i t\u1ea1i k\u1ec3 t\u1eeb l\u1ea7n ra s\u00e2n g\u1ea7n nh\u1ea5t c\u1ee7a Zlatan Ibrahimovic: United chia tay Wayne Rooney v\u00e0 &hellip; <a href=\"https:\/\/football-tribe.com\/vietnam\/2017\/11\/17\/ibrahimovic-nho-toi-la-so-10\/\" class=\"tribe-more-link\">Continue reading &#8220;Ibrahimovic: &#8220;S\u1eed s\u00e1ch s\u1ebd lu\u00f4n ghi nh\u1edb t\u00f4i l\u00e0 m\u1ed9t s\u1ed1 10&#8221;&#8221;<\/a><\/p>\n","protected":false},"author":10,"featured_media":29571,"comment_status":"closed","ping_status":"open","sticky":false,"template":"","format":"standard","meta":{"footnotes":""},"categories":[104],"tags":[5367,206,530],"class_list":["post-29566","post","type-post","status-publish","format-standard","has-post-thumbnail","hentry","category-bong-da-anh","tag-5367","tag-manchester-united","tag-zlatan-ibrahimovic"],"_links":{"self":[{"href":"https:\/\/football-tribe.com\/vietnam\/wp-json\/wp\/v2\/posts\/29566","targetHints":{"allow":["GET"]}}],"collection":[{"href":"https:\/\/football-tribe.com\/vietnam\/wp-json\/wp\/v2\/posts"}],"about":[{"href":"https:\/\/football-tribe.com\/vietnam\/wp-json\/wp\/v2\/types\/post"}],"author":[{"embeddable":true,"href":"https:\/\/football-tribe.com\/vietnam\/wp-json\/wp\/v2\/users\/10"}],"replies":[{"embeddable":true,"href":"https:\/\/football-tribe.com\/vietnam\/wp-json\/wp\/v2\/comments?post=29566"}],"version-history":[{"count":0,"href":"https:\/\/football-tribe.com\/vietnam\/wp-json\/wp\/v2\/posts\/29566\/revisions"}],"wp:featuredmedia":[{"embeddable":true,"href":"https:\/\/football-tribe.com\/vietnam\/wp-json\/wp\/v2\/media\/29571"}],"wp:attachment":[{"href":"https:\/\/football-tribe.com\/vietnam\/wp-json\/wp\/v2\/media?parent=29566"}],"wp:term":[{"taxonomy":"category","embeddable":true,"href":"https:\/\/football-tribe.com\/vietnam\/wp-json\/wp\/v2\/categories?post=29566"},{"taxonomy":"post_tag","embeddable":true,"href":"https:\/\/football-tribe.com\/vietnam\/wp-json\/wp\/v2\/tags?post=29566"}],"curies":[{"name":"wp","href":"https:\/\/api.w.org\/{rel}","templated":true}]}}