{"id":28905,"date":"2017-11-11T09:23:55","date_gmt":"2017-11-11T02:23:55","guid":{"rendered":"https:\/\/football-tribe.com\/vietnam\/?p=28905"},"modified":"2017-11-11T09:23:55","modified_gmt":"2017-11-11T02:23:55","slug":"nong-evra-bi-cam-thi-dau-den-het-mua-giai","status":"publish","type":"post","link":"https:\/\/football-tribe.com\/vietnam\/2017\/11\/11\/nong-evra-bi-cam-thi-dau-den-het-mua-giai\/","title":{"rendered":"Evra b\u1ecb c\u1ea5m thi \u0111\u1ea5u \u0111\u1ebfn h\u1ebft m\u00f9a gi\u1ea3i"},"content":{"rendered":"<p><strong>H\u1eadu v\u1ec7 Patrice Evra \u0111\u00e3 b\u1ecb UEFA c\u1ea5m thi \u0111\u1ea5u \u0111\u1ebfn h\u1ebft m\u00f9a gi\u1ea3i v\u00ec \u0111\u00e1 v\u00e0o ng\u01b0\u1eddi C\u0110V t\u1ea1i UEFA Europa League.\u00a0<\/strong><\/p>\n<p>Tr\u01b0\u1edbc tr\u1eadn \u0111\u1ea5u gi\u1eefa Vitoria v\u00e0 Marseille t\u1ea1i UEFA Europa League, Patrice Evra \u0111\u00e3 tung c\u01b0\u1edbc v\u00e0o ng\u01b0\u1eddi m\u1ed9t C\u0110V c\u1ee7a Marseille. Sau \u0111\u00f3, tr\u1ecdng t\u00e0i ch\u00ednh ngay l\u1eadp t\u1ee9c r\u00fat th\u1ebb \u0111\u1ecf \u0111u\u1ed5i anh kh\u1ecfi s\u00e2n. V\u00ec Evra ch\u1ec9 \u0111\u01b0\u1ee3c \u0111\u0103ng k\u00fd tr\u00ean danh s\u00e1ch d\u1ef1 b\u1ecb n\u00ean Marseille v\u1eabn ra s\u00e2n v\u1edbi \u0111\u1ee7 11 c\u1ea7u th\u1ee7 trong tr\u1eadn \u0111\u1ea5u.<\/p>\n<p>V\u00ec v\u1eady, UEFA \u0111\u01b0a ra \u00e1n ph\u1ea1t c\u1ea5m Evra thi \u0111\u1ea5u cho \u0111\u1ebfn ng\u00e0y 30\/6 n\u0103m 2018. \u0110i\u1ec1u n\u00e0y \u0111\u1ed3ng ngh\u0129a v\u1edbi vi\u1ec7c CLB ch\u00e2u \u00c2u n\u00e0o mu\u1ed1n chi\u00eau m\u1ed9 c\u1ea7u th\u1ee7 36 tu\u1ed5i ph\u1ea3i \u0111\u1ee3i \u0111\u1ebfn khi \u00e1n c\u1ea5m h\u1ebft hi\u1ec7u l\u1ef1c m\u1edbi c\u00f3 th\u1ec3 \u0111\u1ec3 anh ra s\u00e2n. \u00a0Ch\u1ec9 \u00edt ph\u00fat sau khi \u00e1n c\u1ea5m \u0111\u01b0\u1ee3c \u0111\u01b0a ra, h\u1eadu v\u1ec7 ng\u01b0\u1eddi Ph\u00e1p \u0111\u00e3 b\u1ecb Marseille thanh l\u00fd h\u1ee3p \u0111\u1ed3ng. \u0110\u1ed3ng th\u1eddi, c\u1ef1u c\u1ea7u th\u1ee7 c\u1ee7a Manchester United c\u0169ng ph\u1ea3i n\u1ed9p ph\u1ea1t 10 ngh\u00ecn euro.<\/p>\n<p>Ngo\u00e0i ra, c\u1ea3 Marseille l\u1eabn Vitoria \u0111\u1ec1u ph\u1ea3i nh\u1eadn h\u00ecnh ph\u1ea1t t\u1eeb UEFA. \u0110\u1ed9i b\u00f3ng Ph\u00e1p b\u1ecb ph\u1ea1t 25 ngh\u00ecn euro v\u00e0 ph\u1ea3i h\u1ee3p t\u00e1c v\u1edbi Vitoria \u0111\u1ec3 gi\u1ea3i quy\u1ebft h\u1eadu qu\u1ea3 v\u00e0 C\u0110V c\u1ee7a h\u1ecd g\u00e2y ra. C\u00f2n CLB \u0111\u1ebfn t\u1eeb B\u1ed3 \u0110\u00e0o Nha ph\u1ea3i n\u1ed9p ph\u1ea1t 5000 euro v\u00ec \u0111\u1ec3 ng\u01b0\u1eddi h\u00e2m m\u1ed9 lao xu\u1ed1ng s\u00e2n.<\/p>\n<p>Evra gia nh\u1eadp Marseille t\u1eeb Juventus theo d\u1ea1ng chuy\u1ec3n nh\u01b0\u1ee3ng t\u1ef1 do h\u1ed3i th\u00e1ng 1\/2017. Anh ra s\u00e2n t\u1ed5ng c\u1ed9ng 21 tr\u1eadn cho \u0111\u1ed9i b\u00f3ng Ph\u00e1p v\u00e0 ghi \u0111\u01b0\u1ee3c m\u1ed9t b\u00e0n th\u1eafng.<\/p>\n","protected":false},"excerpt":{"rendered":"<p>H\u1eadu v\u1ec7 Patrice Evra \u0111\u00e3 b\u1ecb UEFA c\u1ea5m thi \u0111\u1ea5u \u0111\u1ebfn h\u1ebft m\u00f9a gi\u1ea3i v\u00ec \u0111\u00e1 v\u00e0o ng\u01b0\u1eddi C\u0110V t\u1ea1i UEFA Europa League.\u00a0 Tr\u01b0\u1edbc tr\u1eadn \u0111\u1ea5u gi\u1eefa Vitoria v\u00e0 Marseille t\u1ea1i UEFA Europa League, Patrice Evra \u0111\u00e3 tung c\u01b0\u1edbc v\u00e0o ng\u01b0\u1eddi m\u1ed9t C\u0110V c\u1ee7a Marseille. Sau \u0111\u00f3, tr\u1ecdng t\u00e0i ch\u00ednh ngay l\u1eadp t\u1ee9c r\u00fat th\u1ebb \u0111\u1ecf \u0111u\u1ed5i anh kh\u1ecfi s\u00e2n. V\u00ec Evra ch\u1ec9 \u0111\u01b0\u1ee3c \u0111\u0103ng k\u00fd tr\u00ean danh s\u00e1ch d\u1ef1 b\u1ecb n\u00ean Marseille v\u1eabn ra s\u00e2n v\u1edbi \u0111\u1ee7 11 c\u1ea7u th\u1ee7 trong tr\u1eadn \u0111\u1ea5u. V\u00ec v\u1eady, UEFA \u0111\u01b0a ra \u00e1n ph\u1ea1t c\u1ea5m Evra thi \u0111\u1ea5u cho \u0111\u1ebfn ng\u00e0y 30\/6 n\u0103m 2018. \u0110i\u1ec1u n\u00e0y \u0111\u1ed3ng ngh\u0129a v\u1edbi vi\u1ec7c CLB ch\u00e2u \u00c2u &hellip; <a href=\"https:\/\/football-tribe.com\/vietnam\/2017\/11\/11\/nong-evra-bi-cam-thi-dau-den-het-mua-giai\/\" class=\"tribe-more-link\">Continue reading &#8220;Evra b\u1ecb c\u1ea5m thi \u0111\u1ea5u \u0111\u1ebfn h\u1ebft m\u00f9a gi\u1ea3i&#8221;<\/a><\/p>\n","protected":false},"author":10,"featured_media":28907,"comment_status":"closed","ping_status":"open","sticky":false,"template":"","format":"standard","meta":{"footnotes":""},"categories":[105],"tags":[186,297,172,110,5295],"class_list":["post-28905","post","type-post","status-publish","format-standard","has-post-thumbnail","hentry","category-cac-giai-dau-khac","tag-marseille","tag-patrice-evra","tag-phap","tag-slider","tag-tung-cuoc"],"_links":{"self":[{"href":"https:\/\/football-tribe.com\/vietnam\/wp-json\/wp\/v2\/posts\/28905","targetHints":{"allow":["GET"]}}],"collection":[{"href":"https:\/\/football-tribe.com\/vietnam\/wp-json\/wp\/v2\/posts"}],"about":[{"href":"https:\/\/football-tribe.com\/vietnam\/wp-json\/wp\/v2\/types\/post"}],"author":[{"embeddable":true,"href":"https:\/\/football-tribe.com\/vietnam\/wp-json\/wp\/v2\/users\/10"}],"replies":[{"embeddable":true,"href":"https:\/\/football-tribe.com\/vietnam\/wp-json\/wp\/v2\/comments?post=28905"}],"version-history":[{"count":0,"href":"https:\/\/football-tribe.com\/vietnam\/wp-json\/wp\/v2\/posts\/28905\/revisions"}],"wp:featuredmedia":[{"embeddable":true,"href":"https:\/\/football-tribe.com\/vietnam\/wp-json\/wp\/v2\/media\/28907"}],"wp:attachment":[{"href":"https:\/\/football-tribe.com\/vietnam\/wp-json\/wp\/v2\/media?parent=28905"}],"wp:term":[{"taxonomy":"category","embeddable":true,"href":"https:\/\/football-tribe.com\/vietnam\/wp-json\/wp\/v2\/categories?post=28905"},{"taxonomy":"post_tag","embeddable":true,"href":"https:\/\/football-tribe.com\/vietnam\/wp-json\/wp\/v2\/tags?post=28905"}],"curies":[{"name":"wp","href":"https:\/\/api.w.org\/{rel}","templated":true}]}}