{"id":24153,"date":"2017-09-19T22:04:04","date_gmt":"2017-09-19T15:04:04","guid":{"rendered":"https:\/\/football-tribe.com\/vietnam\/?p=24153"},"modified":"2017-09-19T22:04:04","modified_gmt":"2017-09-19T15:04:04","slug":"ban-tin-toi-199-hlv-zidane-xac-nhan-gia-han-hop-dong-voi-real-madrid","status":"publish","type":"post","link":"https:\/\/football-tribe.com\/vietnam\/2017\/09\/19\/ban-tin-toi-199-hlv-zidane-xac-nhan-gia-han-hop-dong-voi-real-madrid\/","title":{"rendered":"B\u1ea3n tin t\u1ed1i 19\/9: HLV Zidane x\u00e1c nh\u1eadn gia h\u1ea1n h\u1ee3p \u0111\u1ed3ng v\u1edbi Real Madrid"},"content":{"rendered":"<p><strong>HLV Zidane x\u00e1c nh\u1eadn gia h\u1ea1n h\u1ee3p \u0111\u1ed3ng v\u1edbi Real Madrid, b\u1ed9 \u0111\u00f4i Myanmar \u0111\u01b0\u1ee3c li\u00ean h\u1ec7 sang Th\u00e1i ch\u01a1i b\u00f3ng,\u00a0Cologne kh\u00f4ng khi\u1ebfu ki\u1ec7n Borussia Dormtund,&#8230; l\u00e0 nh\u1eefng tin ch\u00ednh c\u00f3 trong b\u1ea3n tin b\u00f3ng \u0111\u00e1 t\u1ed1i nay, 19\/9.<\/strong><!--nextpage--><img loading=\"lazy\" decoding=\"async\" class=\"alignnone size-full wp-image-24157\" src=\"https:\/\/football-tribe.com\/vietnam\/wp-content\/uploads\/sites\/11\/2017\/09\/Eurosport-Zidane.jpg\" alt=\"\" width=\"1200\" height=\"675\" srcset=\"https:\/\/football-tribe.com\/vietnam\/wp-content\/uploads\/sites\/11\/2017\/09\/Eurosport-Zidane-768x432.jpg 768w, https:\/\/football-tribe.com\/vietnam\/wp-content\/uploads\/sites\/11\/2017\/09\/Eurosport-Zidane-800x450.jpg 800w, https:\/\/football-tribe.com\/vietnam\/wp-content\/uploads\/sites\/11\/2017\/09\/Eurosport-Zidane-350x197.jpg 350w, https:\/\/football-tribe.com\/vietnam\/wp-content\/uploads\/sites\/11\/2017\/09\/Eurosport-Zidane-676x380.jpg 676w, https:\/\/football-tribe.com\/vietnam\/wp-content\/uploads\/sites\/11\/2017\/09\/Eurosport-Zidane-560x315.jpg 560w\" sizes=\"auto, (max-width: 1200px) 100vw, 1200px\" \/><\/p>\n<p><strong>HLV Zidane x\u00e1c nh\u1eadn gia h\u1ea1n h\u1ee3p \u0111\u1ed3ng v\u1edbi Real Madrid <\/strong><\/p>\n<p>Tr\u1ea3 l\u1eddi h\u1ecdp b\u00e1o v\u00e0o h\u00f4m nay (19\/9), HLV Zinedine Zidane x\u00e1c nh\u1eadn \u00f4ng s\u1ebd gia h\u1ea1n h\u1ee3p \u0111\u1ed3ng v\u1edbi nh\u00e0 Real Madrid:<\/p>\n<p>\u201cV\u1ec1 m\u1ed9t h\u1ee3p \u0111\u1ed3ng m\u1edbi, m\u1ecdi th\u1ee9 coi nh\u01b0 xong xu\u00f4i nh\u01b0ng kh\u00f4ng c\u00f3 nhi\u1ec1u \u00fd ngh\u0129a l\u1eafm. T\u00f4i quan t\u00e2m t\u1edbi vi\u1ec7c v\u1eadn h\u00e0nh \u0111\u1ed9i b\u00f3ng m\u1ed7i ng\u00e0y v\u00e0 kh\u00f4ng mu\u1ed1n \u0111\u1ec3 \u00fd \u0111\u1ebfn nhi\u1ec1u \u0111i\u1ec1u ph\u1ee9c t\u1ea1p.\u201d<\/p>\n<p>H\u1ee3p \u0111\u1ed3ng hi\u1ec7n t\u1ea1i c\u1ee7a Zidane v\u1edbi Los Blancos c\u00f3 th\u1eddi h\u1ea1n \u0111\u1ebfn m\u00f9a h\u00e8 n\u0103m 2018. T\u1eeb th\u00e1ng Gi\u00eang n\u0103m 2016, chi\u1ebfn l\u01b0\u1ee3c gia ng\u01b0\u1eddi Ph\u00e1p gi\u00fap Real Madrid gi\u00e0nh m\u1ed9t La Liga c\u00f9ng hai danh hi\u1ec7u Champions League.<!--nextpage--><img loading=\"lazy\" decoding=\"async\" class=\"alignnone size-full wp-image-24155\" src=\"https:\/\/football-tribe.com\/vietnam\/wp-content\/uploads\/sites\/11\/2017\/09\/AFF-Suzuki-Cup-aung-thu.jpg\" alt=\"\" width=\"1200\" height=\"673\" srcset=\"https:\/\/football-tribe.com\/vietnam\/wp-content\/uploads\/sites\/11\/2017\/09\/AFF-Suzuki-Cup-aung-thu-768x431.jpg 768w, https:\/\/football-tribe.com\/vietnam\/wp-content\/uploads\/sites\/11\/2017\/09\/AFF-Suzuki-Cup-aung-thu-800x449.jpg 800w, https:\/\/football-tribe.com\/vietnam\/wp-content\/uploads\/sites\/11\/2017\/09\/AFF-Suzuki-Cup-aung-thu-350x196.jpg 350w, https:\/\/football-tribe.com\/vietnam\/wp-content\/uploads\/sites\/11\/2017\/09\/AFF-Suzuki-Cup-aung-thu-678x380.jpg 678w, https:\/\/football-tribe.com\/vietnam\/wp-content\/uploads\/sites\/11\/2017\/09\/AFF-Suzuki-Cup-aung-thu-560x314.jpg 560w\" sizes=\"auto, (max-width: 1200px) 100vw, 1200px\" \/><\/p>\n<p><strong>B\u1ed9 \u0111\u00f4i Myanmar \u0111\u01b0\u1ee3c li\u00ean h\u1ec7 sang Th\u00e1i ch\u01a1i b\u00f3ng<\/strong><\/p>\n<p>Hai c\u1ea7u th\u1ee7 Aung Thu v\u00e0 Kyaw Ko Ko c\u1ee7a Myanmar \u0111ang \u0111\u01b0\u1ee3c li\u00ean h\u1ec7 v\u1edbi Samut Sakorn FC, \u0111\u1ed9i b\u00f3ng v\u1eeba th\u0103ng h\u1ea1ng l\u00ean Thai League 2. Siam Sport d\u1eabn l\u1eddi ch\u1ee7 t\u1ecbch Samut Sakorn, \u00f4ng Kiravit Pittayaphuvanun:<\/p>\n<p>\u201cCh\u00fang t\u00f4i \u0111ang chu\u1ea9n b\u1ecb cho m\u00f9a gi\u1ea3i m\u1edbi. Aung Thu v\u00e0 Kyaw Ko Ko c\u1ee7a Myanmar l\u00e0 m\u1ee5c ti\u00eau c\u1ee7a \u0111\u1ed9i b\u00f3ng. V\u1edbi hai c\u1ea7u th\u1ee7 n\u00e0y, h\u00e0ng c\u00f4ng c\u1ee7a Samut Sakorn s\u1ebd tr\u1edf n\u00ean m\u1ea1nh m\u1ebd.\u201d<\/p>\n<p>Aung Thu v\u00e0 Kyaw Ko Ko kh\u00f4ng ph\u1ea3i l\u00e0 nh\u1eefng c\u00e1i t\u00ean xa l\u1ea1 v\u1edbi ng\u01b0\u1eddi h\u00e2m m\u1ed9 b\u00f3ng \u0111\u00e1 Vi\u1ec7t Nam. Trong khi Aung Thu l\u00e0 th\u00e0nh vi\u00ean c\u00e1c \u0111\u1ed9i tr\u1ebb v\u00e0 \u0110TQG Myanmar ch\u1ea1m tr\u00e1n Vi\u1ec7t Nam trong nh\u1eefng n\u0103m g\u1ea7n \u0111\u00e2y, Kyaw Ko Ko l\u00e0 ch\u1ee7 nh\u00e2n c\u1ee7a c\u00fa \u0111\u00fap trong chi\u1ebfn th\u1eafng 4-1 c\u1ee7a U23 Myanmar tr\u01b0\u1edbc U23 Vi\u1ec7t Nam t\u1ea1i tr\u1eadn tranh HC\u0110 SEA Games 26.<!--nextpage--><img loading=\"lazy\" decoding=\"async\" class=\"alignnone size-full wp-image-24154\" src=\"https:\/\/football-tribe.com\/vietnam\/wp-content\/uploads\/sites\/11\/2017\/09\/Reuters-Dortmund-Cologne-VAR.jpg\" alt=\"\" width=\"1200\" height=\"793\" srcset=\"https:\/\/football-tribe.com\/vietnam\/wp-content\/uploads\/sites\/11\/2017\/09\/Reuters-Dortmund-Cologne-VAR-768x508.jpg 768w, https:\/\/football-tribe.com\/vietnam\/wp-content\/uploads\/sites\/11\/2017\/09\/Reuters-Dortmund-Cologne-VAR-800x529.jpg 800w, https:\/\/football-tribe.com\/vietnam\/wp-content\/uploads\/sites\/11\/2017\/09\/Reuters-Dortmund-Cologne-VAR-340x225.jpg 340w, https:\/\/football-tribe.com\/vietnam\/wp-content\/uploads\/sites\/11\/2017\/09\/Reuters-Dortmund-Cologne-VAR-575x380.jpg 575w, https:\/\/football-tribe.com\/vietnam\/wp-content\/uploads\/sites\/11\/2017\/09\/Reuters-Dortmund-Cologne-VAR-560x370.jpg 560w\" sizes=\"auto, (max-width: 1200px) 100vw, 1200px\" \/><\/p>\n<p><strong>Bundesliga: Cologne kh\u00f4ng khi\u1ebfu ki\u1ec7n Borussia Dormtund <\/strong><\/p>\n<p>Cologne x\u00e1c nh\u1eadn, \u0111\u1ed9i b\u00f3ng n\u00e0y s\u1ebd kh\u00f4ng kh\u1edfi ki\u1ec7n Borussia Dortmund v\u1ec1 b\u00e0n th\u1eafng th\u1ee9 hai trong tr\u1eadn thua 0-5 v\u00e0o ng\u00e0y ch\u1ee7 nh\u1eadt. C\u1ee5 th\u1ec3, b\u00e0n th\u1eafng c\u1ee7a trung v\u1ec7 Sokratis Papastathopoulos b\u1ecb tr\u1ecdng t\u00e0i t\u1eeb ch\u1ed1i do m\u1ed9t pha ph\u1ea1m l\u1ed7i tr\u01b0\u1edbc \u0111\u00f3, nh\u01b0ng c\u00f4ng ngh\u1ec7 video h\u1ed7 tr\u1ee3 tr\u1ecdng t\u00e0i (VAR) v\u1eabn c\u00f4ng nh\u1eadn b\u00e0n th\u1eafng n\u00e0y.<\/p>\n<p>Gi\u00e1m \u0111\u1ed1c th\u1ec3 thao Jorg Schmadtke c\u1ee7a Cologne tr\u01b0\u1edbc \u0111\u00f3 cho r\u1eb1ng hai \u0111\u1ed9i c\u1ea7n c\u00f3 m\u1ed9t tr\u1eadn \u0111\u00e1 l\u1ea1i, tuy nhi\u00ean th\u00f4ng c\u00e1o m\u1edbi \u0111\u00e2y c\u1ee7a \u0111\u1ed9i b\u00f3ng \u0110\u1ee9c ph\u1ee7 nh\u1eadn ph\u01b0\u01a1ng \u00e1n tr\u00ean:<\/p>\n<p>\u201cCologne ho\u00e0n to\u00e0n ch\u1ea5p nh\u1eadn k\u1ebft qu\u1ea3 c\u1ee7a tr\u1eadn \u0111\u1ea5u. Borussia Dortmund x\u1ee9ng \u0111\u00e1ng v\u1edbi chi\u1ebfn th\u1eafng, cho d\u00f9 m\u1ed9t b\u00e0n th\u1eafng c\u00f3 th\u1ec3 kh\u00f4ng h\u1ee3p l\u1ec7. Ch\u00fang t\u00f4i, sau khi c\u00e2n nh\u1eafc suy ngh\u0129, quy\u1ebft \u0111\u1ecbnh kh\u00f4ng khi\u1ebfu ki\u1ec7n Dortmund.\u201d<!--nextpage--><img loading=\"lazy\" decoding=\"async\" class=\"alignnone size-full wp-image-24123\" src=\"https:\/\/football-tribe.com\/vietnam\/wp-content\/uploads\/sites\/11\/2017\/09\/dani-carvajal-real-madrid_fhtxmb9nk3dm1si683ibaswjp.jpg\" alt=\"\" width=\"1200\" height=\"630\" srcset=\"https:\/\/football-tribe.com\/vietnam\/wp-content\/uploads\/sites\/11\/2017\/09\/dani-carvajal-real-madrid_fhtxmb9nk3dm1si683ibaswjp-768x403.jpg 768w, https:\/\/football-tribe.com\/vietnam\/wp-content\/uploads\/sites\/11\/2017\/09\/dani-carvajal-real-madrid_fhtxmb9nk3dm1si683ibaswjp-800x420.jpg 800w, https:\/\/football-tribe.com\/vietnam\/wp-content\/uploads\/sites\/11\/2017\/09\/dani-carvajal-real-madrid_fhtxmb9nk3dm1si683ibaswjp-350x184.jpg 350w, https:\/\/football-tribe.com\/vietnam\/wp-content\/uploads\/sites\/11\/2017\/09\/dani-carvajal-real-madrid_fhtxmb9nk3dm1si683ibaswjp-680x357.jpg 680w, https:\/\/football-tribe.com\/vietnam\/wp-content\/uploads\/sites\/11\/2017\/09\/dani-carvajal-real-madrid_fhtxmb9nk3dm1si683ibaswjp-560x294.jpg 560w\" sizes=\"auto, (max-width: 1200px) 100vw, 1200px\" \/><\/p>\n<p><strong>Dani Carvajal mu\u1ed1n l\u00e0m \u0111\u1ed9i tr\u01b0\u1edfng Real Madrid trong t\u01b0\u01a1ng lai<\/strong><\/p>\n<p>H\u1eadu v\u1ec7 ph\u1ea3i c\u1ee7a Real Madrid Dani Carvajal th\u1eeba nh\u1eadn anh mu\u1ed1n \u0111eo b\u0103ng \u0111\u1ed9i tr\u01b0\u1edfng c\u1ee7a Los Blancos:<\/p>\n<p>\u201cAi c\u0169ng m\u01a1 \u01b0\u1edbc \u0111\u01b0\u1ee3c l\u00e0m \u0111\u1ed9i tr\u01b0\u1edfng c\u1ee7a Real Madrid m\u1ed9t ng\u00e0y n\u00e0o \u0111\u00f3. Hi\u1ec7n t\u1ea1i, Sergio Ramos \u0111ang \u0111\u1ea3m nhi\u1ec7m tr\u1ecdng tr\u00e1ch n\u00e0y v\u00e0 kh\u00f4ng c\u00f3 v\u1ea5n \u0111\u1ec1 g\u00ec c\u1ea3. T\u00f4i mu\u1ed1n l\u00e0m \u0111\u1ed9i tr\u01b0\u1edfng, nh\u01b0ng ch\u1eafc s\u1ebd ph\u1ea3i \u0111\u1ee3i l\u00e2u!\u201d<\/p>\n<p>Carvajal v\u1eeba gia h\u1ea1n h\u1ee3p \u0111\u1ed3ng v\u1edbi \u0111\u1ed9i ch\u1ee7 s\u00e2n Bernabeu t\u1edbi n\u0103m 2022.<!--nextpage--><img loading=\"lazy\" decoding=\"async\" class=\"alignnone size-full wp-image-24156\" src=\"https:\/\/football-tribe.com\/vietnam\/wp-content\/uploads\/sites\/11\/2017\/09\/Goal-mattia-de-sciglio-barcelona-juventus-champions-league.jpg\" alt=\"\" width=\"1200\" height=\"675\" srcset=\"https:\/\/football-tribe.com\/vietnam\/wp-content\/uploads\/sites\/11\/2017\/09\/Goal-mattia-de-sciglio-barcelona-juventus-champions-league-768x432.jpg 768w, https:\/\/football-tribe.com\/vietnam\/wp-content\/uploads\/sites\/11\/2017\/09\/Goal-mattia-de-sciglio-barcelona-juventus-champions-league-800x450.jpg 800w, https:\/\/football-tribe.com\/vietnam\/wp-content\/uploads\/sites\/11\/2017\/09\/Goal-mattia-de-sciglio-barcelona-juventus-champions-league-350x197.jpg 350w, https:\/\/football-tribe.com\/vietnam\/wp-content\/uploads\/sites\/11\/2017\/09\/Goal-mattia-de-sciglio-barcelona-juventus-champions-league-676x380.jpg 676w, https:\/\/football-tribe.com\/vietnam\/wp-content\/uploads\/sites\/11\/2017\/09\/Goal-mattia-de-sciglio-barcelona-juventus-champions-league-560x315.jpg 560w\" sizes=\"auto, (max-width: 1200px) 100vw, 1200px\" \/><img loading=\"lazy\" decoding=\"async\" class=\"alignnone size-full wp-image-24156\" src=\"https:\/\/football-tribe.com\/vietnam\/wp-content\/uploads\/sites\/11\/2017\/09\/Goal-mattia-de-sciglio-barcelona-juventus-champions-league.jpg\" alt=\"\" width=\"1200\" height=\"675\" srcset=\"https:\/\/football-tribe.com\/vietnam\/wp-content\/uploads\/sites\/11\/2017\/09\/Goal-mattia-de-sciglio-barcelona-juventus-champions-league-768x432.jpg 768w, https:\/\/football-tribe.com\/vietnam\/wp-content\/uploads\/sites\/11\/2017\/09\/Goal-mattia-de-sciglio-barcelona-juventus-champions-league-800x450.jpg 800w, https:\/\/football-tribe.com\/vietnam\/wp-content\/uploads\/sites\/11\/2017\/09\/Goal-mattia-de-sciglio-barcelona-juventus-champions-league-350x197.jpg 350w, https:\/\/football-tribe.com\/vietnam\/wp-content\/uploads\/sites\/11\/2017\/09\/Goal-mattia-de-sciglio-barcelona-juventus-champions-league-676x380.jpg 676w, https:\/\/football-tribe.com\/vietnam\/wp-content\/uploads\/sites\/11\/2017\/09\/Goal-mattia-de-sciglio-barcelona-juventus-champions-league-560x315.jpg 560w\" sizes=\"auto, (max-width: 1200px) 100vw, 1200px\" \/><strong>T\u00e2n binh c\u1ee7a Juventus nhi\u1ec1u kh\u1ea3 n\u0103ng ngh\u1ec9 m\u1ed9t th\u00e1ng<\/strong><\/p>\n<p>Theo Gazzetta dello Sport, h\u1eadu v\u1ec7 Mattia De Sciglio c\u1ee7a Juventus nhi\u1ec1u kh\u1ea3 n\u0103ng ph\u1ea3i ngh\u1ec9 thi \u0111\u1ea5u t\u1eeb ba \u0111\u1ebfn b\u1ed1n tu\u1ea7n do bong g\u00e2n. T\u00e2n binh t\u1edbi t\u1eeb AC Milan g\u1eb7p ch\u1ea5n th\u01b0\u01a1ng trong th\u1ea5t b\u1ea1i 0-3 c\u1ee7a Juventus tr\u01b0\u1edbc Barcelona tu\u1ea7n tr\u01b0\u1edbc v\u00e0 v\u1eeba th\u1ef1c hi\u1ec7n ti\u1ec3u ph\u1eabu v\u00e0o th\u1ee9 hai (18\/9).<\/p>\n","protected":false},"excerpt":{"rendered":"<p>HLV Zidane x\u00e1c nh\u1eadn gia h\u1ea1n h\u1ee3p \u0111\u1ed3ng v\u1edbi Real Madrid, b\u1ed9 \u0111\u00f4i Myanmar \u0111\u01b0\u1ee3c li\u00ean h\u1ec7 sang Th\u00e1i ch\u01a1i b\u00f3ng,\u00a0Cologne kh\u00f4ng khi\u1ebfu ki\u1ec7n Borussia Dormtund,&#8230; l\u00e0 nh\u1eefng tin ch\u00ednh c\u00f3 trong b\u1ea3n tin b\u00f3ng \u0111\u00e1 t\u1ed1i nay, 19\/9.<\/p>\n","protected":false},"author":10,"featured_media":23643,"comment_status":"closed","ping_status":"open","sticky":false,"template":"","format":"standard","meta":{"footnotes":""},"categories":[978],"tags":[4542,501,178,4910,2581,4206,113,110,558],"class_list":["post-24153","post","type-post","status-publish","format-standard","has-post-thumbnail","hentry","category-ban-tin","tag-aung-thu","tag-borussia-dortmund","tag-cologne","tag-dani-carvajal","tag-kyaw-ko-ko","tag-mattia-de-sciglio","tag-real-madrid","tag-slider","tag-zinedine-zidane"],"_links":{"self":[{"href":"https:\/\/football-tribe.com\/vietnam\/wp-json\/wp\/v2\/posts\/24153","targetHints":{"allow":["GET"]}}],"collection":[{"href":"https:\/\/football-tribe.com\/vietnam\/wp-json\/wp\/v2\/posts"}],"about":[{"href":"https:\/\/football-tribe.com\/vietnam\/wp-json\/wp\/v2\/types\/post"}],"author":[{"embeddable":true,"href":"https:\/\/football-tribe.com\/vietnam\/wp-json\/wp\/v2\/users\/10"}],"replies":[{"embeddable":true,"href":"https:\/\/football-tribe.com\/vietnam\/wp-json\/wp\/v2\/comments?post=24153"}],"version-history":[{"count":0,"href":"https:\/\/football-tribe.com\/vietnam\/wp-json\/wp\/v2\/posts\/24153\/revisions"}],"wp:featuredmedia":[{"embeddable":true,"href":"https:\/\/football-tribe.com\/vietnam\/wp-json\/wp\/v2\/media\/23643"}],"wp:attachment":[{"href":"https:\/\/football-tribe.com\/vietnam\/wp-json\/wp\/v2\/media?parent=24153"}],"wp:term":[{"taxonomy":"category","embeddable":true,"href":"https:\/\/football-tribe.com\/vietnam\/wp-json\/wp\/v2\/categories?post=24153"},{"taxonomy":"post_tag","embeddable":true,"href":"https:\/\/football-tribe.com\/vietnam\/wp-json\/wp\/v2\/tags?post=24153"}],"curies":[{"name":"wp","href":"https:\/\/api.w.org\/{rel}","templated":true}]}}