{"id":19429,"date":"2017-07-28T22:04:31","date_gmt":"2017-07-28T15:04:31","guid":{"rendered":"https:\/\/football-tribe.com\/vietnam\/?p=19429"},"modified":"2017-07-28T21:13:33","modified_gmt":"2017-07-28T14:13:33","slug":"ban-tin-toi-287-dybala-se-khong-di-dau-het","status":"publish","type":"post","link":"https:\/\/football-tribe.com\/vietnam\/2017\/07\/28\/ban-tin-toi-287-dybala-se-khong-di-dau-het\/","title":{"rendered":"B\u1ea3n tin t\u1ed1i 28\/7: \u201cDybala s\u1ebd kh\u00f4ng \u0111i \u0111\u00e2u h\u1ebft\u201d"},"content":{"rendered":"<p><strong>\u201cDybala s\u1ebd kh\u00f4ng \u0111i \u0111\u00e2u h\u1ebft\u201d,\u00a0<\/strong><strong>James Rodriguez ly d\u1ecb v\u1ee3,\u00a0<\/strong><strong>AS Roma mu\u1ed1n chi\u00eau m\u1ed9 trung v\u1ec7 c\u1ee7a Atletico Madrid,&#8230; l\u00e0 nh\u1eefng tin ch\u00ednh c\u00f3 trong b\u1ea3n tin b\u00f3ng \u0111\u00e1 t\u1ed1i nay, 28\/7.<\/strong><!--nextpage--><img loading=\"lazy\" decoding=\"async\" class=\"alignnone size-full wp-image-11272\" src=\"https:\/\/football-tribe.com\/vietnam\/wp-content\/uploads\/sites\/11\/2017\/05\/gareth-bale-real-madrid-saison-2016-2017.jpg\" alt=\"\" width=\"1200\" height=\"630\" srcset=\"https:\/\/football-tribe.com\/vietnam\/wp-content\/uploads\/sites\/11\/2017\/05\/gareth-bale-real-madrid-saison-2016-2017-768x403.jpg 768w, https:\/\/football-tribe.com\/vietnam\/wp-content\/uploads\/sites\/11\/2017\/05\/gareth-bale-real-madrid-saison-2016-2017-800x420.jpg 800w, https:\/\/football-tribe.com\/vietnam\/wp-content\/uploads\/sites\/11\/2017\/05\/gareth-bale-real-madrid-saison-2016-2017-350x184.jpg 350w, https:\/\/football-tribe.com\/vietnam\/wp-content\/uploads\/sites\/11\/2017\/05\/gareth-bale-real-madrid-saison-2016-2017-680x357.jpg 680w, https:\/\/football-tribe.com\/vietnam\/wp-content\/uploads\/sites\/11\/2017\/05\/gareth-bale-real-madrid-saison-2016-2017-560x294.jpg 560w\" sizes=\"auto, (max-width: 1200px) 100vw, 1200px\" \/><\/p>\n<p><strong>Ng\u01b0\u1eddi \u0111\u1ea1i di\u1ec7n ph\u1ee7 nh\u1eadn tin \u0111\u1ed3n Bale v\u1ec1 Manchester United<\/strong><\/p>\n<p>\u00d4ng Jonathan Barnett, ng\u01b0\u1eddi \u0111\u1ea1i di\u1ec7n c\u1ee7a Gareth Bale m\u1edbi \u0111\u00e2y \u0111\u00e3 tr\u1ea3 l\u1eddi v\u1edbi BBC v\u1ec1 t\u01b0\u01a1ng lai c\u1ee7a si\u00eau sao x\u1ee9 Wales. Theo \u0111\u00f3, Barnett cho r\u1eb1ng c\u00e1c tin \u0111\u1ed3n li\u00ean quan t\u1edbi Bale v\u00e0 Man United r\u1ea5t \u201ck\u1ef3 c\u1ee5c\u201d v\u00e0 \u201cngu ng\u1ed1c\u201d.<!--nextpage--><img loading=\"lazy\" decoding=\"async\" class=\"alignnone size-full wp-image-19432\" src=\"https:\/\/football-tribe.com\/vietnam\/wp-content\/uploads\/sites\/11\/2017\/07\/Sports-3888462.jpg\" alt=\"\" width=\"1200\" height=\"799\" srcset=\"https:\/\/football-tribe.com\/vietnam\/wp-content\/uploads\/sites\/11\/2017\/07\/Sports-3888462-768x511.jpg 768w, https:\/\/football-tribe.com\/vietnam\/wp-content\/uploads\/sites\/11\/2017\/07\/Sports-3888462-800x533.jpg 800w, https:\/\/football-tribe.com\/vietnam\/wp-content\/uploads\/sites\/11\/2017\/07\/Sports-3888462-338x225.jpg 338w, https:\/\/football-tribe.com\/vietnam\/wp-content\/uploads\/sites\/11\/2017\/07\/Sports-3888462-571x380.jpg 571w, https:\/\/football-tribe.com\/vietnam\/wp-content\/uploads\/sites\/11\/2017\/07\/Sports-3888462-560x373.jpg 560w\" sizes=\"auto, (max-width: 1200px) 100vw, 1200px\" \/><\/p>\n<p><strong>James Rodriguez ly d\u1ecb v\u1ee3<\/strong><\/p>\n<p>H\u00f4m qua, c\u00e1c m\u1eb7t b\u00e1o Colombia r\u00fang \u0111\u1ed9ng v\u1edbi th\u00f4ng tin James Rodriguez \u0111\u00e3 ch\u00ednh th\u1ee9c chia tay c\u00f4 v\u1ee3 Daniela Ospina sau 5 n\u0103m chung s\u1ed1ng. \u0110\u00e0i radio Caracol \u0111\u01b0a tin, James v\u00e0 Daniela \u0111\u00e3 ho\u00e0n th\u00e0nh th\u1ee7 t\u1ee5c ly d\u1ecb sau nh\u1eefng b\u1ea5t \u0111\u1ed3ng trong cu\u1ed9c s\u1ed1ng.<!--nextpage--><img loading=\"lazy\" decoding=\"async\" class=\"alignnone size-full wp-image-19430\" src=\"https:\/\/football-tribe.com\/vietnam\/wp-content\/uploads\/sites\/11\/2017\/07\/Eurosport-Dybala-2135442-44666250-2560-1440.jpg\" alt=\"\" width=\"1200\" height=\"675\" srcset=\"https:\/\/football-tribe.com\/vietnam\/wp-content\/uploads\/sites\/11\/2017\/07\/Eurosport-Dybala-2135442-44666250-2560-1440-768x432.jpg 768w, https:\/\/football-tribe.com\/vietnam\/wp-content\/uploads\/sites\/11\/2017\/07\/Eurosport-Dybala-2135442-44666250-2560-1440-800x450.jpg 800w, https:\/\/football-tribe.com\/vietnam\/wp-content\/uploads\/sites\/11\/2017\/07\/Eurosport-Dybala-2135442-44666250-2560-1440-350x197.jpg 350w, https:\/\/football-tribe.com\/vietnam\/wp-content\/uploads\/sites\/11\/2017\/07\/Eurosport-Dybala-2135442-44666250-2560-1440-676x380.jpg 676w, https:\/\/football-tribe.com\/vietnam\/wp-content\/uploads\/sites\/11\/2017\/07\/Eurosport-Dybala-2135442-44666250-2560-1440-560x315.jpg 560w\" sizes=\"auto, (max-width: 1200px) 100vw, 1200px\" \/><\/p>\n<p><strong>Gi\u00e1m \u0111\u1ed1c Juventus: \u201cDybala s\u1ebd kh\u00f4ng \u0111i \u0111\u00e2u h\u1ebft\u201d<\/strong><\/p>\n<p>\u00d4ng Beppe Marotta, gi\u00e1m \u0111\u1ed1c th\u1ec3 thao c\u1ee7a Juventus kh\u1eb3ng \u0111\u1ecbnh r\u1eb1ng ti\u1ec1n \u0111\u1ea1o Paulo Dybala s\u1ebd kh\u00f4ng r\u1eddi Juventus trong m\u00f9a h\u00e8 n\u00e0y. Marotta tr\u1ea3 l\u1eddi Tuttosport:<\/p>\n<p>\u201cPaulo s\u1ebd kh\u00f4ng ra \u0111i v\u1edbi b\u1ea5t c\u1ee9 gi\u00e1 n\u00e0o. Ch\u00fang t\u00f4i \u0111\u00e3 t\u1eeb ch\u1ed1i r\u1ea5t nhi\u1ec1u l\u1eddi \u0111\u1ec1 ngh\u1ecb v\u1edbi c\u1eadu \u1ea5y. Khi m\u1ed9t c\u1ea7u th\u1ee7 h\u1ea1nh ph\u00fac \u1edf l\u1ea1i Juve, c\u1eadu \u1ea5y s\u1ebd \u1edf l\u1ea1i \u0111\u1ebfn khi n\u00e0o m\u00ecnh mu\u1ed1n.\u201d<!--nextpage--><img loading=\"lazy\" decoding=\"async\" class=\"alignnone size-full wp-image-19431\" src=\"https:\/\/football-tribe.com\/vietnam\/wp-content\/uploads\/sites\/11\/2017\/07\/Irish-Mirror-Club-Atletico-de-Madrid-v-FC-Bayern-Muenchen-UEFA-Champions-League-Semi-Final-First-Leg.jpg\" alt=\"\" width=\"1200\" height=\"630\" srcset=\"https:\/\/football-tribe.com\/vietnam\/wp-content\/uploads\/sites\/11\/2017\/07\/Irish-Mirror-Club-Atletico-de-Madrid-v-FC-Bayern-Muenchen-UEFA-Champions-League-Semi-Final-First-Leg-768x403.jpg 768w, https:\/\/football-tribe.com\/vietnam\/wp-content\/uploads\/sites\/11\/2017\/07\/Irish-Mirror-Club-Atletico-de-Madrid-v-FC-Bayern-Muenchen-UEFA-Champions-League-Semi-Final-First-Leg-800x420.jpg 800w, https:\/\/football-tribe.com\/vietnam\/wp-content\/uploads\/sites\/11\/2017\/07\/Irish-Mirror-Club-Atletico-de-Madrid-v-FC-Bayern-Muenchen-UEFA-Champions-League-Semi-Final-First-Leg-350x184.jpg 350w, https:\/\/football-tribe.com\/vietnam\/wp-content\/uploads\/sites\/11\/2017\/07\/Irish-Mirror-Club-Atletico-de-Madrid-v-FC-Bayern-Muenchen-UEFA-Champions-League-Semi-Final-First-Leg-680x357.jpg 680w, https:\/\/football-tribe.com\/vietnam\/wp-content\/uploads\/sites\/11\/2017\/07\/Irish-Mirror-Club-Atletico-de-Madrid-v-FC-Bayern-Muenchen-UEFA-Champions-League-Semi-Final-First-Leg-560x294.jpg 560w\" sizes=\"auto, (max-width: 1200px) 100vw, 1200px\" \/><\/p>\n<p><strong>AS Roma mu\u1ed1n chi\u00eau m\u1ed9 trung v\u1ec7 c\u1ee7a Atletico Madrid<\/strong><\/p>\n<p>Theo Tuttomercatoweb, AS Roma mu\u1ed1n \u0111\u01b0a v\u1ec1 s\u00e2n Olympico trung v\u1ec7 Jose Gimenez c\u1ee7a Atletico Madrid, trong tr\u01b0\u1eddng h\u1ee3p Kostas Manolas ra \u0111i. M\u00f9a tr\u01b0\u1edbc, Gimenez m\u1ea5t su\u1ea5t \u0111\u00e1 ch\u00ednh v\u00e0o tay c\u1ef1u c\u1ea7u th\u1ee7 Man City, Stefan Savic.<!--nextpage--><img loading=\"lazy\" decoding=\"async\" class=\"alignnone size-full wp-image-19433\" src=\"https:\/\/football-tribe.com\/vietnam\/wp-content\/uploads\/sites\/11\/2017\/07\/VOV-U22_Viet_Nam_vs_cac_ngoi_sao_K_League_1_ONVB.jpg\" alt=\"\" width=\"1200\" height=\"676\" srcset=\"https:\/\/football-tribe.com\/vietnam\/wp-content\/uploads\/sites\/11\/2017\/07\/VOV-U22_Viet_Nam_vs_cac_ngoi_sao_K_League_1_ONVB-768x433.jpg 768w, https:\/\/football-tribe.com\/vietnam\/wp-content\/uploads\/sites\/11\/2017\/07\/VOV-U22_Viet_Nam_vs_cac_ngoi_sao_K_League_1_ONVB-800x451.jpg 800w, https:\/\/football-tribe.com\/vietnam\/wp-content\/uploads\/sites\/11\/2017\/07\/VOV-U22_Viet_Nam_vs_cac_ngoi_sao_K_League_1_ONVB-350x197.jpg 350w, https:\/\/football-tribe.com\/vietnam\/wp-content\/uploads\/sites\/11\/2017\/07\/VOV-U22_Viet_Nam_vs_cac_ngoi_sao_K_League_1_ONVB-675x380.jpg 675w, https:\/\/football-tribe.com\/vietnam\/wp-content\/uploads\/sites\/11\/2017\/07\/VOV-U22_Viet_Nam_vs_cac_ngoi_sao_K_League_1_ONVB-560x315.jpg 560w\" sizes=\"auto, (max-width: 1200px) 100vw, 1200px\" \/><\/p>\n<p><strong>C\u00e1c ng\u00f4i sao K League \u0111\u00e1 t\u1eadp tr\u01b0\u1edbc khi g\u1eb7p U22 Vi\u1ec7t Nam<\/strong><\/p>\n<p>V\u00e0o l\u00fac 18h ng\u00e0y 28\/7, t\u1ea1i s\u00e2n M\u1ef9 \u0110\u00ecnh, c\u00e1c ng\u00f4i sao c\u1ee7a K. League All Stars \u0111\u00e3 c\u00f3 bu\u1ed5i t\u1eadp tr\u01b0\u1edbc th\u1ec1m tr\u1eadn g\u1eb7p U22 Vi\u1ec7t Nam. H\u1ecd r\u00e8n b\u00e0i t\u1eadp ph\u1ed1i h\u1ee3p nh\u00f3m n\u1eeda s\u00e2n, k\u1ebft h\u1ee3p \u0111\u00e1 b\u00f3ng ma v\u00e0 t\u1ea1t c\u00e1nh.<\/p>\n<p>Tr\u1eadn \u0111\u1ea5u gi\u1eefa 2 \u0111\u1ed9i s\u1ebd di\u1ec5n ra v\u00e0o 20h t\u1ed1i mai (29\/7).<\/p>\n","protected":false},"excerpt":{"rendered":"<p>\u201cDybala s\u1ebd kh\u00f4ng \u0111i \u0111\u00e2u h\u1ebft\u201d,\u00a0James Rodriguez ly d\u1ecb v\u1ee3,\u00a0AS Roma mu\u1ed1n chi\u00eau m\u1ed9 trung v\u1ec7 c\u1ee7a Atletico Madrid,&#8230; l\u00e0 nh\u1eefng tin ch\u00ednh c\u00f3 trong b\u1ea3n tin b\u00f3ng \u0111\u00e1 t\u1ed1i nay, 28\/7.<\/p>\n","protected":false},"author":10,"featured_media":7979,"comment_status":"closed","ping_status":"open","sticky":false,"template":"","format":"standard","meta":{"footnotes":""},"categories":[978],"tags":[394,242,4353,2230,1505,559,267,4408,4425,206,1152,110],"class_list":["post-19429","post","type-post","status-publish","format-standard","has-post-thumbnail","hentry","category-ban-tin","tag-as-roma","tag-atletico-madrid","tag-cac-ngoi-sao-k-league","tag-gareath-bale","tag-gimenez","tag-james-rodriguez","tag-juventus","tag-k-league-all-stars","tag-ly-di","tag-manchester-united","tag-paulo-dybala","tag-slider"],"_links":{"self":[{"href":"https:\/\/football-tribe.com\/vietnam\/wp-json\/wp\/v2\/posts\/19429","targetHints":{"allow":["GET"]}}],"collection":[{"href":"https:\/\/football-tribe.com\/vietnam\/wp-json\/wp\/v2\/posts"}],"about":[{"href":"https:\/\/football-tribe.com\/vietnam\/wp-json\/wp\/v2\/types\/post"}],"author":[{"embeddable":true,"href":"https:\/\/football-tribe.com\/vietnam\/wp-json\/wp\/v2\/users\/10"}],"replies":[{"embeddable":true,"href":"https:\/\/football-tribe.com\/vietnam\/wp-json\/wp\/v2\/comments?post=19429"}],"version-history":[{"count":0,"href":"https:\/\/football-tribe.com\/vietnam\/wp-json\/wp\/v2\/posts\/19429\/revisions"}],"wp:featuredmedia":[{"embeddable":true,"href":"https:\/\/football-tribe.com\/vietnam\/wp-json\/wp\/v2\/media\/7979"}],"wp:attachment":[{"href":"https:\/\/football-tribe.com\/vietnam\/wp-json\/wp\/v2\/media?parent=19429"}],"wp:term":[{"taxonomy":"category","embeddable":true,"href":"https:\/\/football-tribe.com\/vietnam\/wp-json\/wp\/v2\/categories?post=19429"},{"taxonomy":"post_tag","embeddable":true,"href":"https:\/\/football-tribe.com\/vietnam\/wp-json\/wp\/v2\/tags?post=19429"}],"curies":[{"name":"wp","href":"https:\/\/api.w.org\/{rel}","templated":true}]}}