{"id":18545,"date":"2017-07-19T16:00:14","date_gmt":"2017-07-19T09:00:14","guid":{"rendered":"https:\/\/football-tribe.com\/vietnam\/?p=18545"},"modified":"2017-07-19T15:04:55","modified_gmt":"2017-07-19T08:04:55","slug":"top-5-thu-mon-tung-du-bi-cho-gianluigi-buffon","status":"publish","type":"post","link":"https:\/\/football-tribe.com\/vietnam\/2017\/07\/19\/top-5-thu-mon-tung-du-bi-cho-gianluigi-buffon\/","title":{"rendered":"Top 5 th\u1ee7 m\u00f4n t\u1eebng d\u1ef1 b\u1ecb cho Gianluigi Buffon"},"content":{"rendered":"<p><strong>Gianluigi Buffon l\u00e0 m\u1ed9t \u201cc\u00e2y tr\u01b0\u1eddng sinh\u201d c\u1ee7a b\u00f3ng \u0111\u00e1 th\u1ebf gi\u1edbi, khi anh \u0111\u00e3 ch\u01a1i b\u00f3ng \u1edf \u0111\u1eb3ng c\u1ea5p cao nh\u1ea5t g\u1ea7n 2 th\u1eadp k\u1ef7. Anh l\u00e0 m\u1ed9t h\u00ecnh m\u1eabu \u0111\u1ec3 m\u1ecdi th\u1ee7 thanh h\u01b0\u1edbng t\u1edbi v\u00e0 v\u01b0\u01a1n l\u00ean. Tuy nhi\u00ean, s\u1ef1 \u1ed5n \u0111\u1ecbnh c\u1ee7a Buffon c\u0169ng khi\u1ebfn cho nhi\u1ec1u th\u1ee7 m\u00f4n xu\u1ea5t s\u1eafc kh\u00e1c ph\u1ea3i ng\u1ed3i tr\u00ean gh\u1ebf d\u1ef1 b\u1ecb. H\u00e3y c\u00f9ng Football Tribe Vietnam \u0111i\u1ec3m qua 5 c\u00e1i t\u00ean n\u1ed5i b\u1eadt trong danh s\u00e1ch \u1ea5y.<\/strong><!--nextpage--><img loading=\"lazy\" decoding=\"async\" class=\"alignnone size-full wp-image-18550\" src=\"https:\/\/football-tribe.com\/vietnam\/wp-content\/uploads\/sites\/11\/2017\/07\/Red-and-White-Kop-Toldo.jpg\" alt=\"\" width=\"1200\" height=\"909\" srcset=\"https:\/\/football-tribe.com\/vietnam\/wp-content\/uploads\/sites\/11\/2017\/07\/Red-and-White-Kop-Toldo-768x582.jpg 768w, https:\/\/football-tribe.com\/vietnam\/wp-content\/uploads\/sites\/11\/2017\/07\/Red-and-White-Kop-Toldo-792x600.jpg 792w, https:\/\/football-tribe.com\/vietnam\/wp-content\/uploads\/sites\/11\/2017\/07\/Red-and-White-Kop-Toldo-297x225.jpg 297w, https:\/\/football-tribe.com\/vietnam\/wp-content\/uploads\/sites\/11\/2017\/07\/Red-and-White-Kop-Toldo-502x380.jpg 502w, https:\/\/football-tribe.com\/vietnam\/wp-content\/uploads\/sites\/11\/2017\/07\/Red-and-White-Kop-Toldo-560x424.jpg 560w\" sizes=\"auto, (max-width: 1200px) 100vw, 1200px\" \/><\/p>\n<p><strong>Francesco Toldo<\/strong><\/p>\n<p>Toldo \u0111\u01b0\u1ee3c bi\u1ebft \u0111\u1ebfn khi anh l\u00e0 ng\u01b0\u1eddi \u0111\u00f3ng th\u1ebf cho Buffon t\u1ea1i Euro 2000, trong b\u1ed1i c\u1ea3nh c\u1ef1u th\u1ee7 m\u00f4n Parma b\u1ecb g\u00e3y tay ch\u1ec9 8 ng\u00e0y tr\u01b0\u1edbc khi b\u01b0\u1edbc v\u00e0o gi\u1ea3i \u0111\u1ea5u. Nh\u1eefng pha c\u1ee9u thua xu\u1ea5t s\u1eafc c\u1ee7a anh tr\u00ean ch\u1ea5m penalty gi\u00fap Italia ti\u1ebfn v\u00e0o chung k\u1ebft, nh\u01b0ng Toldo l\u1ea1i kh\u00f4ng th\u1ec3 n\u00e2ng cao c\u00fap v\u00f4 \u0111\u1ecbch do b\u00e0n th\u1eafng v\u00e0ng c\u1ee7a David Trezeguet.<!--nextpage--><img loading=\"lazy\" decoding=\"async\" class=\"alignnone size-full wp-image-18547\" src=\"https:\/\/football-tribe.com\/vietnam\/wp-content\/uploads\/sites\/11\/2017\/07\/GettyImages-Abbiati.jpg\" alt=\"\" width=\"1200\" height=\"851\" srcset=\"https:\/\/football-tribe.com\/vietnam\/wp-content\/uploads\/sites\/11\/2017\/07\/GettyImages-Abbiati-768x545.jpg 768w, https:\/\/football-tribe.com\/vietnam\/wp-content\/uploads\/sites\/11\/2017\/07\/GettyImages-Abbiati-800x567.jpg 800w, https:\/\/football-tribe.com\/vietnam\/wp-content\/uploads\/sites\/11\/2017\/07\/GettyImages-Abbiati-317x225.jpg 317w, https:\/\/football-tribe.com\/vietnam\/wp-content\/uploads\/sites\/11\/2017\/07\/GettyImages-Abbiati-536x380.jpg 536w, https:\/\/football-tribe.com\/vietnam\/wp-content\/uploads\/sites\/11\/2017\/07\/GettyImages-Abbiati-560x397.jpg 560w\" sizes=\"auto, (max-width: 1200px) 100vw, 1200px\" \/><\/p>\n<p><strong>Christian Abbiati<\/strong><\/p>\n<p>V\u1edbi th\u00e0nh t\u00edch 3 l\u1ea7n v\u00f4 \u0111\u1ecbch Serie A, Abbiati c\u00f3 v\u1ebb kh\u00f4ng ph\u1ea3i m\u1ed9t th\u1ee7 m\u00f4n d\u1ef1 b\u1ecb \u0111\u00fang ngh\u0129a. Tuy nhi\u00ean, khi Buffon d\u00ednh ch\u1ea5n th\u01b0\u01a1ng vai \u0111\u1ea7u m\u00f9a gi\u1ea3i 2005\/06, Abbiati \u0111\u00e3 t\u1edbi s\u00e2n Dele Alpi v\u1edbi t\u01b0 c\u00e1ch \u201cch\u1eefa ch\u00e1y\u201d cho B\u00e0 \u0111\u1ea7m gi\u00e0. V\u00e0 anh \u0111\u00e3 c\u00f3 m\u1ed9t m\u00f9a gi\u1ea3i \u0111\u00e1ng nh\u1edb c\u00f9ng Juventus: ra s\u00e2n 27 l\u1ea7n, c\u00f9ng \u0111\u1ed9i b\u00f3ng th\u00e0nh Turin l\u1ecdt v\u00e0o t\u1ee9 k\u1ebft Champions League v\u00e0 gi\u00e0nh ch\u1ee9c v\u00f4 \u0111\u1ecbch Serie A (sau n\u00e0y b\u1ecb t\u01b0\u1edbc do v\u1ee5 Calciopoli).<!--nextpage--><img loading=\"lazy\" decoding=\"async\" class=\"alignnone size-full wp-image-18546\" src=\"https:\/\/football-tribe.com\/vietnam\/wp-content\/uploads\/sites\/11\/2017\/07\/Getty-Amelia.jpg\" alt=\"\" width=\"1200\" height=\"821\" srcset=\"https:\/\/football-tribe.com\/vietnam\/wp-content\/uploads\/sites\/11\/2017\/07\/Getty-Amelia-768x525.jpg 768w, https:\/\/football-tribe.com\/vietnam\/wp-content\/uploads\/sites\/11\/2017\/07\/Getty-Amelia-800x547.jpg 800w, https:\/\/football-tribe.com\/vietnam\/wp-content\/uploads\/sites\/11\/2017\/07\/Getty-Amelia-329x225.jpg 329w, https:\/\/football-tribe.com\/vietnam\/wp-content\/uploads\/sites\/11\/2017\/07\/Getty-Amelia-555x380.jpg 555w, https:\/\/football-tribe.com\/vietnam\/wp-content\/uploads\/sites\/11\/2017\/07\/Getty-Amelia-560x383.jpg 560w\" sizes=\"auto, (max-width: 1200px) 100vw, 1200px\" \/><\/p>\n<p><strong>Marco Amelia<\/strong><\/p>\n<p>Amelia l\u00e0 th\u1ee7 m\u00f4n d\u1ef1 b\u1ecb cho \u201cng\u01b0\u1eddi nh\u1ec7n\u201d t\u1ea1i World Cup 2006. Trong nh\u1eefng n\u0103m gi\u1eefa th\u1eadp ni\u00ean 2000, anh t\u1eebng r\u1ea5t th\u0103ng hoa trong m\u00e0u \u00e1o Palermo; nh\u01b0ng s\u1ef1 nghi\u1ec7p c\u1ee7a Amelia sau \u0111\u00f3 kh\u00f4ng ph\u1ea5t l\u00ean n\u1ed5i ch\u1ec9 v\u00ec c\u00e1i b\u00f3ng Buffon qu\u00e1 l\u1edbn.<!--nextpage--><img loading=\"lazy\" decoding=\"async\" class=\"alignnone size-full wp-image-18548\" src=\"https:\/\/football-tribe.com\/vietnam\/wp-content\/uploads\/sites\/11\/2017\/07\/GettyImages-Alex-Manninger.jpg\" alt=\"\" width=\"1200\" height=\"800\" srcset=\"https:\/\/football-tribe.com\/vietnam\/wp-content\/uploads\/sites\/11\/2017\/07\/GettyImages-Alex-Manninger-768x512.jpg 768w, https:\/\/football-tribe.com\/vietnam\/wp-content\/uploads\/sites\/11\/2017\/07\/GettyImages-Alex-Manninger-800x533.jpg 800w, https:\/\/football-tribe.com\/vietnam\/wp-content\/uploads\/sites\/11\/2017\/07\/GettyImages-Alex-Manninger-338x225.jpg 338w, https:\/\/football-tribe.com\/vietnam\/wp-content\/uploads\/sites\/11\/2017\/07\/GettyImages-Alex-Manninger-570x380.jpg 570w, https:\/\/football-tribe.com\/vietnam\/wp-content\/uploads\/sites\/11\/2017\/07\/GettyImages-Alex-Manninger-560x373.jpg 560w\" sizes=\"auto, (max-width: 1200px) 100vw, 1200px\" \/><\/p>\n<p><strong>Alex Manninger<\/strong><\/p>\n<p>\u0110\u1ea7u m\u00f9a gi\u1ea3i 2008\/09, Manninger kh\u0103n g\u00f3i t\u1edbi Turin \u0111\u00f3ng th\u1ebf cho m\u1ed9t Buffon \u0111ang g\u1eb7p h\u00e0ng lo\u1ea1t ch\u1ea5n th\u01b0\u01a1ng v\u00e0 kh\u00f4ng \u0111\u1ea1t phong \u0111\u1ed9 cao nh\u1ea5t. Anh \u0111\u00e3 c\u00f3 n\u1eeda \u0111\u1ea7u m\u00f9a t\u01b0\u01a1ng \u0111\u1ed1i \u1ea5n t\u01b0\u1ee3ng, nh\u01b0ng v\u1eabn kh\u00f4ng th\u1ec3 c\u1ea1nh tranh v\u1edbi Buffon khi \u201cng\u01b0\u1eddi nh\u1ec7n\u201d ho\u00e0n to\u00e0n b\u00ecnh ph\u1ee5c. Anh r\u1eddi Juventus v\u00e0o cu\u1ed1i m\u00f9a gi\u1ea3i 2011\/12.<!--nextpage--><img loading=\"lazy\" decoding=\"async\" class=\"alignnone size-full wp-image-18549\" src=\"https:\/\/football-tribe.com\/vietnam\/wp-content\/uploads\/sites\/11\/2017\/07\/GettyImages-Neto.jpg\" alt=\"\" width=\"1200\" height=\"800\" srcset=\"https:\/\/football-tribe.com\/vietnam\/wp-content\/uploads\/sites\/11\/2017\/07\/GettyImages-Neto-768x512.jpg 768w, https:\/\/football-tribe.com\/vietnam\/wp-content\/uploads\/sites\/11\/2017\/07\/GettyImages-Neto-800x533.jpg 800w, https:\/\/football-tribe.com\/vietnam\/wp-content\/uploads\/sites\/11\/2017\/07\/GettyImages-Neto-338x225.jpg 338w, https:\/\/football-tribe.com\/vietnam\/wp-content\/uploads\/sites\/11\/2017\/07\/GettyImages-Neto-570x380.jpg 570w, https:\/\/football-tribe.com\/vietnam\/wp-content\/uploads\/sites\/11\/2017\/07\/GettyImages-Neto-560x373.jpg 560w\" sizes=\"auto, (max-width: 1200px) 100vw, 1200px\" \/><\/p>\n<p><strong>Neto<\/strong><\/p>\n<p>Th\u1ee7 th\u00e0nh ng\u01b0\u1eddi Brazil chuy\u1ec3n t\u1edbi Juventus t\u1eeb Fiorentina \u0111\u1ec3 thay th\u1ebf cho Marco Storari trong vai tr\u00f2 d\u1ef1 b\u1ecb cho Buffon v\u00e0o \u0111\u1ea7u m\u00f9a gi\u1ea3i 2015\/16. Anh ch\u01a1i kh\u00f4ng qu\u00e1 nhi\u1ec1u tr\u1eadn, nh\u01b0ng l\u00e0 nh\u00e2n t\u1ed1 ch\u00ednh trong 2 ch\u1ee9c v\u00f4 \u0111\u1ecbch Coppa Italia li\u00ean ti\u1ebfp c\u1ee7a Juve trong 2 m\u00f9a g\u1ea7n nh\u1ea5t. H\u1ed3i \u0111\u1ea7u th\u00e1ng, Neto chuy\u1ec3n sang thi \u0111\u1ea5u cho Valencia.<\/p>\n","protected":false},"excerpt":{"rendered":"<p>Gianluigi Buffon l\u00e0 m\u1ed9t \u201cc\u00e2y tr\u01b0\u1eddng sinh\u201d c\u1ee7a b\u00f3ng \u0111\u00e1 th\u1ebf gi\u1edbi, khi anh \u0111\u00e3 ch\u01a1i b\u00f3ng \u1edf \u0111\u1eb3ng c\u1ea5p cao nh\u1ea5t g\u1ea7n 2 th\u1eadp k\u1ef7. Anh l\u00e0 m\u1ed9t h\u00ecnh m\u1eabu \u0111\u1ec3 m\u1ecdi th\u1ee7 thanh h\u01b0\u1edbng t\u1edbi v\u00e0 v\u01b0\u01a1n l\u00ean. Tuy nhi\u00ean, s\u1ef1 \u1ed5n \u0111\u1ecbnh c\u1ee7a Buffon c\u0169ng khi\u1ebfn cho nhi\u1ec1u th\u1ee7 m\u00f4n xu\u1ea5t s\u1eafc kh\u00e1c ph\u1ea3i ng\u1ed3i tr\u00ean gh\u1ebf d\u1ef1 b\u1ecb. H\u00e3y c\u00f9ng Football Tribe Vietnam \u0111i\u1ec3m qua 5 c\u00e1i t\u00ean n\u1ed5i b\u1eadt trong danh s\u00e1ch \u1ea5y.<\/p>\n","protected":false},"author":10,"featured_media":10797,"comment_status":"closed","ping_status":"open","sticky":false,"template":"","format":"standard","meta":{"footnotes":""},"categories":[105],"tags":[4294,4293,4289,1487,4292,4291,110,1654,4290],"class_list":["post-18545","post","type-post","status-publish","format-standard","has-post-thumbnail","hentry","category-cac-giai-dau-khac","tag-abbiati","tag-amelia","tag-du-bi","tag-gianluigi-buffon","tag-manninger","tag-neto","tag-slider","tag-thu-mon","tag-toldo"],"_links":{"self":[{"href":"https:\/\/football-tribe.com\/vietnam\/wp-json\/wp\/v2\/posts\/18545","targetHints":{"allow":["GET"]}}],"collection":[{"href":"https:\/\/football-tribe.com\/vietnam\/wp-json\/wp\/v2\/posts"}],"about":[{"href":"https:\/\/football-tribe.com\/vietnam\/wp-json\/wp\/v2\/types\/post"}],"author":[{"embeddable":true,"href":"https:\/\/football-tribe.com\/vietnam\/wp-json\/wp\/v2\/users\/10"}],"replies":[{"embeddable":true,"href":"https:\/\/football-tribe.com\/vietnam\/wp-json\/wp\/v2\/comments?post=18545"}],"version-history":[{"count":0,"href":"https:\/\/football-tribe.com\/vietnam\/wp-json\/wp\/v2\/posts\/18545\/revisions"}],"wp:featuredmedia":[{"embeddable":true,"href":"https:\/\/football-tribe.com\/vietnam\/wp-json\/wp\/v2\/media\/10797"}],"wp:attachment":[{"href":"https:\/\/football-tribe.com\/vietnam\/wp-json\/wp\/v2\/media?parent=18545"}],"wp:term":[{"taxonomy":"category","embeddable":true,"href":"https:\/\/football-tribe.com\/vietnam\/wp-json\/wp\/v2\/categories?post=18545"},{"taxonomy":"post_tag","embeddable":true,"href":"https:\/\/football-tribe.com\/vietnam\/wp-json\/wp\/v2\/tags?post=18545"}],"curies":[{"name":"wp","href":"https:\/\/api.w.org\/{rel}","templated":true}]}}