{"id":13709,"date":"2017-06-04T15:03:29","date_gmt":"2017-06-04T08:03:29","guid":{"rendered":"https:\/\/football-tribe.com\/vietnam\/?p=13709"},"modified":"2017-06-04T16:09:27","modified_gmt":"2017-06-04T09:09:27","slug":"video-tho-cat-toc-marcelo-tro-tai-cao-troc-casemiro","status":"publish","type":"post","link":"https:\/\/football-tribe.com\/vietnam\/2017\/06\/04\/video-tho-cat-toc-marcelo-tro-tai-cao-troc-casemiro\/","title":{"rendered":"VIDEO: &#8220;Th\u1ee3 c\u1eaft t\u00f3c&#8221; Marcelo tr\u1ed5 t\u00e0i c\u1ea1o tr\u1ecdc Casemiro"},"content":{"rendered":"<p><strong>Sau th\u1ee7 th\u00e0nh Keylor Navas, \u0111\u1ebfn l\u01b0\u1ee3t ti\u1ec1n v\u1ec7 Casemiro l\u00e0 &#8220;kh\u00e1ch h\u00e0ng&#8221; ti\u1ebfp theo c\u1ee7a &#8220;th\u1ee3 c\u1eaft t\u00f3c&#8221; Marcelo. Casemiro \u0111\u00e3 quy\u1ebft \u0111\u1ecbnh cao tr\u1ecdc sau khi Real Madrid \u0111\u0103ng quang t\u1ea1i Champions League.<\/strong><\/p>\n<p>C\u00f2n nh\u1edb, sau khi v\u00f4 \u0111\u1ecbch La Liga th\u1ee7 th\u00e0nh Keylor Navas \u0111\u00e3 th\u1ef1c hi\u1ec7n l\u1eddi h\u1ee9a s\u1ebd c\u1ea1o tr\u1ecdc \u0111\u1ec3 \u1ee7ng h\u1ed9 nh\u1eefng tr\u1ebb em m\u1eafc b\u1ec7nh hi\u1ec3m ngh\u00e8o. V\u00e0 ng\u01b0\u1eddi gi\u00fap anh th\u1ef1c hi\u1ec7n kh\u00f4ng kh\u00e1c kh\u00e1c ch\u00ednh l\u00e0 h\u1eadu v\u1ec7 ng\u01b0\u1eddi Brazil Marcelo. D\u01b0\u1eddng nh\u01b0 ki\u1ec3u t\u00f3c m\u1edbi c\u1ee7a Navas \u0111\u00e3 mang l\u1ea1i may m\u1eafn cho Real Madrid khi h\u1ecd tr\u1edf th\u00e0nh \u0111\u1ed9i b\u00f3ng \u0111\u1ea7u ti\u00ean ph\u00e1 v\u1ee1 &#8220;l\u1eddi nguy\u1ec1n&#8221; k\u1ec3 t\u1eeb khi gi\u1ea3i \u0111\u1ea5u \u0111\u1ed5i t\u00ean t\u1eeb c\u00fap C1 sang Champions League.<\/p>\n<p><iframe loading=\"lazy\" title=\"\ud83d\udc88\ud83c\udfe5\ud83d\udc4f Marcelo shaves Keylor Navas&#039; head!\" width=\"500\" height=\"281\" src=\"https:\/\/www.youtube.com\/embed\/ysbYmPBQVjU?feature=oembed\" frameborder=\"0\" allow=\"accelerometer; autoplay; clipboard-write; encrypted-media; gyroscope; picture-in-picture; web-share\" referrerpolicy=\"strict-origin-when-cross-origin\" allowfullscreen><\/iframe><\/p>\n<p>V\u00e0 gi\u1edd \u0111\u00e2y, sau khi \u0111\u00e1nh b\u1ea1i Juventus 4-1 trong tr\u1eadn chung k\u1ebft Champions League th\u00ec &#8220;th\u1ee3 c\u1eaft t\u00f3c&#8221; Marcelo l\u1ea1i ti\u1ebfp t\u1ee5c tr\u1ed5 t\u00e0i c\u1ea1o tr\u1ecdc cho Casemiro. Kh\u00e1 \u0111\u00e1ng ti\u1ebfc l\u00e0 c\u00e1c C\u0110V s\u1ebd kh\u00f4ng \u0111\u01b0\u1ee3c ch\u1ee9ng ki\u1ebfn ti\u1ec1n v\u1ec7 ng\u01b0\u1eddi Brazil tr\u00ecnh l\u00e0ng ki\u1ec3u t\u00f3c m\u1edbi khi c\u1ea3 anh v\u00e0 Marcelo \u0111\u1ec1u \u0111\u01b0\u1ee3c HLV Tite cho ngh\u1ec9 ng\u01a1i v\u00e0 kh\u00f4ng tri\u1ec7u t\u1eadp v\u00e0o \u0110T Brazil \u1edf \u0111\u1ee3t t\u1eadp trung th\u00e1ng 6 n\u00e0y.<\/p>\n<div style=\"width: -258px;\" class=\"wp-video\"><video class=\"wp-video-shortcode\" id=\"video-13709-1\" width=\"258\" height=\"56\" preload=\"metadata\" controls=\"controls\"><source type=\"video\/x-flv\" src=\"https:\/\/football-tribe.com\/vietnam\/wp-content\/uploads\/sites\/11\/2017\/06\/5714b48cc39f8f3d3ab08759a501c541.flv?_=1\" \/><a href=\"https:\/\/football-tribe.com\/vietnam\/wp-content\/uploads\/sites\/11\/2017\/06\/5714b48cc39f8f3d3ab08759a501c541.flv\">https:\/\/football-tribe.com\/vietnam\/wp-content\/uploads\/sites\/11\/2017\/06\/5714b48cc39f8f3d3ab08759a501c541.flv<\/a><\/video><\/div>\n<p>Trong tr\u1eadn chung k\u1ebft \u1edf Cardiff c\u1ea3 Marcelo l\u1eabn Casemiro \u0111\u1ec1u ch\u01a1i t\u1ed1t. Trong \u0111\u00f3 Marcelo \u0111\u00e3 bi\u1ebfn Mauro Lemina th\u00e0nh &#8220;g\u00e3 h\u1ec1&#8221; tr\u01b0\u1edbc khi c\u0103ng ngang cho Marco Asensio \u1ea5n \u0111\u1ecbnh t\u1ef7 s\u1ed1 tr\u1eadn \u0111\u1ea5u. C\u00f2n Casemiro th\u1eadm ch\u00ed \u0111\u00e3 n\u1ed5 s\u00fang khi anh tung ra c\u00fa s\u00fat xa \u0111\u1eadp ch\u00e2n Sami Khedira v\u00e0 bay th\u1eb3ng v\u00e0o khung th\u00e0nh c\u1ee7a Juventus, n\u00e2ng t\u1ef7 s\u1ed1 l\u00ean 2-1.<\/p>\n<p>&nbsp;<\/p>\n","protected":false},"excerpt":{"rendered":"<p>Sau th\u1ee7 th\u00e0nh Keylor Navas, \u0111\u1ebfn l\u01b0\u1ee3t ti\u1ec1n v\u1ec7 Casemiro l\u00e0 &#8220;kh\u00e1ch h\u00e0ng&#8221; ti\u1ebfp theo c\u1ee7a &#8220;th\u1ee3 c\u1eaft t\u00f3c&#8221; Marcelo. Casemiro \u0111\u00e3 quy\u1ebft \u0111\u1ecbnh cao tr\u1ecdc sau khi Real Madrid \u0111\u0103ng quang t\u1ea1i Champions League. C\u00f2n nh\u1edb, sau khi v\u00f4 \u0111\u1ecbch La Liga th\u1ee7 th\u00e0nh Keylor Navas \u0111\u00e3 th\u1ef1c hi\u1ec7n l\u1eddi h\u1ee9a s\u1ebd c\u1ea1o tr\u1ecdc \u0111\u1ec3 \u1ee7ng h\u1ed9 nh\u1eefng tr\u1ebb em m\u1eafc b\u1ec7nh hi\u1ec3m ngh\u00e8o. V\u00e0 ng\u01b0\u1eddi gi\u00fap anh th\u1ef1c hi\u1ec7n kh\u00f4ng kh\u00e1c kh\u00e1c ch\u00ednh l\u00e0 h\u1eadu v\u1ec7 ng\u01b0\u1eddi Brazil Marcelo. D\u01b0\u1eddng nh\u01b0 ki\u1ec3u t\u00f3c m\u1edbi c\u1ee7a Navas \u0111\u00e3 mang l\u1ea1i may m\u1eafn cho Real Madrid khi h\u1ecd tr\u1edf th\u00e0nh \u0111\u1ed9i b\u00f3ng \u0111\u1ea7u ti\u00ean ph\u00e1 v\u1ee1 &#8220;l\u1eddi nguy\u1ec1n&#8221; k\u1ec3 t\u1eeb &hellip; <a href=\"https:\/\/football-tribe.com\/vietnam\/2017\/06\/04\/video-tho-cat-toc-marcelo-tro-tai-cao-troc-casemiro\/\" class=\"tribe-more-link\">Continue reading &#8220;VIDEO: &#8220;Th\u1ee3 c\u1eaft t\u00f3c&#8221; Marcelo tr\u1ed5 t\u00e0i c\u1ea1o tr\u1ecdc Casemiro&#8221;<\/a><\/p>\n","protected":false},"author":10,"featured_media":8771,"comment_status":"closed","ping_status":"open","sticky":false,"template":"","format":"standard","meta":{"footnotes":""},"categories":[1781],"tags":[658,305,121,1590,113],"class_list":["post-13709","post","type-post","status-publish","format-standard","has-post-thumbnail","hentry","category-champions-league","tag-casemiro","tag-champions-league","tag-featured","tag-marcelo","tag-real-madrid"],"_links":{"self":[{"href":"https:\/\/football-tribe.com\/vietnam\/wp-json\/wp\/v2\/posts\/13709","targetHints":{"allow":["GET"]}}],"collection":[{"href":"https:\/\/football-tribe.com\/vietnam\/wp-json\/wp\/v2\/posts"}],"about":[{"href":"https:\/\/football-tribe.com\/vietnam\/wp-json\/wp\/v2\/types\/post"}],"author":[{"embeddable":true,"href":"https:\/\/football-tribe.com\/vietnam\/wp-json\/wp\/v2\/users\/10"}],"replies":[{"embeddable":true,"href":"https:\/\/football-tribe.com\/vietnam\/wp-json\/wp\/v2\/comments?post=13709"}],"version-history":[{"count":0,"href":"https:\/\/football-tribe.com\/vietnam\/wp-json\/wp\/v2\/posts\/13709\/revisions"}],"wp:featuredmedia":[{"embeddable":true,"href":"https:\/\/football-tribe.com\/vietnam\/wp-json\/wp\/v2\/media\/8771"}],"wp:attachment":[{"href":"https:\/\/football-tribe.com\/vietnam\/wp-json\/wp\/v2\/media?parent=13709"}],"wp:term":[{"taxonomy":"category","embeddable":true,"href":"https:\/\/football-tribe.com\/vietnam\/wp-json\/wp\/v2\/categories?post=13709"},{"taxonomy":"post_tag","embeddable":true,"href":"https:\/\/football-tribe.com\/vietnam\/wp-json\/wp\/v2\/tags?post=13709"}],"curies":[{"name":"wp","href":"https:\/\/api.w.org\/{rel}","templated":true}]}}