{"id":13448,"date":"2017-06-02T12:00:09","date_gmt":"2017-06-02T05:00:09","guid":{"rendered":"https:\/\/football-tribe.com\/vietnam\/?p=13448"},"modified":"2017-06-02T13:38:04","modified_gmt":"2017-06-02T06:38:04","slug":"ban-tin-trua-26-yaya-toure-va-falcao-gia-han-hop-dong","status":"publish","type":"post","link":"https:\/\/football-tribe.com\/vietnam\/2017\/06\/02\/ban-tin-trua-26-yaya-toure-va-falcao-gia-han-hop-dong\/","title":{"rendered":"B\u1ea3n tin tr\u01b0a 2\/6: Yaya Toure v\u00e0 Falcao gia h\u1ea1n h\u1ee3p \u0111\u1ed3ng"},"content":{"rendered":"<p>Yaya Toure gia h\u1ea1n h\u1ee3p \u0111\u1ed3ng th\u00eam 1 n\u0103m v\u1edbi Manchester City. Radamel Falcao gia h\u1ea1n v\u1edbi Monaco t\u1edbi n\u0103m 2020 l\u00e0 nh\u1eefng tin ch\u00ednh trong b\u1ea3n tin tr\u01b0a 2\/6.<\/p>\n<p><!--nextpage--><\/p>\n<p><img decoding=\"async\" src=\"https:\/\/static.pulse.ng\/img\/incoming\/crop6706210\/8864675062-chorizontal-w1200-h630\/Yaya-Toure.jpg\" alt=\"K\u1ebft qu\u1ea3 h\u00ecnh \u1ea3nh cho yaya toure\" \/><\/p>\n<p><strong>1. Yaya Toure ch\u00ednh th\u1ee9c gia h\u1ea1n h\u1ee3p \u0111\u1ed3ng nh\u01b0 Manchester City<\/strong><\/p>\n<p>Nh\u01b0 v\u1eady l\u00e0 ti\u1ec1n v\u1ec7 k\u1ef3 c\u1ef1u Yaya Toure \u0111\u00e3 gia h\u1ea1n th\u00eam 1 n\u0103m v\u1edbi Manchester City. \u0110\u00e2y l\u00e0 tin kh\u00f4ng th\u1ec3 vui h\u01a1n v\u1edbi c\u00e1c C\u0110V The Citizens trong b\u1ed1i c\u1ea3nh c\u00e1c c\u1ea7u th\u1ee7 ra \u0111i h\u00e0ng lo\u1ea1t.<\/p>\n<p><!--nextpage--><\/p>\n<p><img loading=\"lazy\" decoding=\"async\" class=\"aligncenter size-large wp-image-13451\" src=\"https:\/\/football-tribe.com\/vietnam\/wp-content\/uploads\/sites\/11\/2017\/06\/PAY-Radamel-Falcao-during-the-pre-season-friendly-match-between-Monaco-and-Basel-1024x538.jpg\" alt=\"\" width=\"1024\" height=\"538\" \/><\/p>\n<p><strong>2. Falcao gia h\u1ea1n v\u1edbi Monaco \u0111\u1ebfn n\u0103m 2020<\/strong><\/p>\n<p>Ti\u1ec1n \u0111\u1ea1o Radamel Falcao \u0111\u00e3 ch\u00ednh th\u1ee9c gia h\u1ea1n h\u1ee3p \u0111\u1ed3ng v\u1edbi \u0110KV\u0110 Ligue 1 &#8211; Monaco \u0111\u1ebfn n\u0103m 2020. \u0110\u00e2y l\u00e0 tin r\u1ea5t vui v\u1edbi c\u00e1c C\u0110V Monaco khi Falcao \u0111\u00e3 t\u00ecm l\u1ea1i ph\u1ea7n n\u00e0o b\u1ea3n n\u0103ng s\u00e1t th\u1ee7 v\u1ed1n c\u00f3 \u1edf m\u00f9a gi\u1ea3i v\u1eeba qua.<\/p>\n<p><!--nextpage--><\/p>\n<p><img loading=\"lazy\" decoding=\"async\" class=\"aligncenter size-large wp-image-13452\" src=\"https:\/\/football-tribe.com\/vietnam\/wp-content\/uploads\/sites\/11\/2017\/06\/gettyimages-653588164-1024x538.jpg\" alt=\"\" width=\"1024\" height=\"538\" \/><\/p>\n<p><strong>3. Mbappe v\u1eafng m\u1eb7t trong tr\u1eadn giao h\u1eefu v\u1edbi \u0110T Paraguay<\/strong><\/p>\n<p>Ti\u1ec1n \u0111\u1ea1o tr\u1ebb c\u1ee7a \u0110T Ph\u00e1p Kylian Mbappe ch\u1eafc ch\u1eafn s\u1ebd v\u1eafng m\u1eb7t \u1edf tr\u1eadn giao h\u1eefu v\u1edbi \u0110T Paraguay v\u00e0o ng\u00e0y 2\/6 t\u1edbi do g\u1eb7p ph\u1ea3i ch\u1ea5n th\u01b0\u01a1ng.<\/p>\n<p><!--nextpage--><\/p>\n<p><img decoding=\"async\" src=\"https:\/\/pbs.twimg.com\/media\/DBPT8DhWAAAsOGJ.jpg\" \/><\/p>\n<p><strong>4. Hertha Berlin chi\u00eau m\u1ed9 Davie Selke<\/strong><\/p>\n<p>CLB Hertha Berlin \u0111\u00e3 chi\u00eau m\u1ed9 th\u00e0nh c\u00f4ng ch\u00e2n s\u00fat Davie Selke t\u1eeb RB Lepzig v\u1edbi m\u1ee9c ph\u00ed kh\u00f4ng \u0111\u01b0\u1ee3c ti\u1ebft l\u1ed9.<\/p>\n<p><!--nextpage--><\/p>\n<p><img decoding=\"async\" src=\"http:\/\/i4.manchestereveningnews.co.uk\/incoming\/article10268537.ece\/ALTERNATES\/s1200\/david-villa.jpg\" alt=\"K\u1ebft qu\u1ea3 h\u00ecnh \u1ea3nh cho david villa\" \/><\/p>\n<p><strong>5. David Villa solo v\u00e0 ki\u1ebfn t\u1ea1o cho \u0111\u1ed3ng \u0111\u1ed9i<\/strong><\/p>\n<p>David Villa \u0111\u00e3 c\u00f3 m\u1ed9t pha solo ngo\u1ea1n m\u1ee5c r\u1ed3i ki\u1ebfn t\u1ea1o cho \u0111\u1ed3ng \u0111\u1ed9i khi ch\u1ea1m tr\u00e1n v\u1edbi New England Revolution. \u0110\u1ea7u ti\u00ean Villa \u0111\u00e3 d\u00f9ng ch\u1ea1m b\u00f3ng b\u01b0\u1edbc m\u1ed9t lo\u1ea1i b\u1ecf 2 c\u1ea7u th\u1ee7 tr\u01b0\u1edbc khi r\u00ea qua 3 c\u1ea7u th\u1ee7 n\u1eefa r\u1ed3i c\u0103ng ngang cho \u0111\u1ed3ng \u0111\u1ed9i ghi b\u00e0n.<\/p>\n<p>&nbsp;<\/p>\n","protected":false},"excerpt":{"rendered":"<p>Yaya Toure gia h\u1ea1n h\u1ee3p \u0111\u1ed3ng th\u00eam 1 n\u0103m v\u1edbi Manchester City. Radamel Falcao gia h\u1ea1n v\u1edbi Monaco t\u1edbi n\u0103m 2020 l\u00e0 nh\u1eefng tin ch\u00ednh trong b\u1ea3n tin tr\u01b0a 2\/6.<\/p>\n","protected":false},"author":10,"featured_media":12378,"comment_status":"closed","ping_status":"open","sticky":false,"template":"","format":"standard","meta":{"footnotes":""},"categories":[978],"tags":[3114,789,1350,110,3113,808],"class_list":["post-13448","post","type-post","status-publish","format-standard","has-post-thumbnail","hentry","category-ban-tin","tag-davie-selke","tag-falcao","tag-mbappe","tag-slider","tag-villa","tag-yaya-toure"],"_links":{"self":[{"href":"https:\/\/football-tribe.com\/vietnam\/wp-json\/wp\/v2\/posts\/13448","targetHints":{"allow":["GET"]}}],"collection":[{"href":"https:\/\/football-tribe.com\/vietnam\/wp-json\/wp\/v2\/posts"}],"about":[{"href":"https:\/\/football-tribe.com\/vietnam\/wp-json\/wp\/v2\/types\/post"}],"author":[{"embeddable":true,"href":"https:\/\/football-tribe.com\/vietnam\/wp-json\/wp\/v2\/users\/10"}],"replies":[{"embeddable":true,"href":"https:\/\/football-tribe.com\/vietnam\/wp-json\/wp\/v2\/comments?post=13448"}],"version-history":[{"count":0,"href":"https:\/\/football-tribe.com\/vietnam\/wp-json\/wp\/v2\/posts\/13448\/revisions"}],"wp:featuredmedia":[{"embeddable":true,"href":"https:\/\/football-tribe.com\/vietnam\/wp-json\/wp\/v2\/media\/12378"}],"wp:attachment":[{"href":"https:\/\/football-tribe.com\/vietnam\/wp-json\/wp\/v2\/media?parent=13448"}],"wp:term":[{"taxonomy":"category","embeddable":true,"href":"https:\/\/football-tribe.com\/vietnam\/wp-json\/wp\/v2\/categories?post=13448"},{"taxonomy":"post_tag","embeddable":true,"href":"https:\/\/football-tribe.com\/vietnam\/wp-json\/wp\/v2\/tags?post=13448"}],"curies":[{"name":"wp","href":"https:\/\/api.w.org\/{rel}","templated":true}]}}