{"id":1069,"date":"2017-02-03T16:02:59","date_gmt":"2017-02-03T09:02:59","guid":{"rendered":"https:\/\/football-tribe.com\/vietnam\/?p=1069"},"modified":"2017-02-03T16:04:00","modified_gmt":"2017-02-03T09:04:00","slug":"coentrao-la-mot-trong-nhung-hau-ve-hang-dau-the-gioi","status":"publish","type":"post","link":"https:\/\/football-tribe.com\/vietnam\/2017\/02\/03\/coentrao-la-mot-trong-nhung-hau-ve-hang-dau-the-gioi\/","title":{"rendered":"C.Ronaldo: &#8220;Coentrao l\u00e0 m\u1ed9t trong nh\u1eefng h\u1eadu v\u1ec7 h\u00e0ng \u0111\u1ea7u th\u1ebf gi\u1edbi&#8221;"},"content":{"rendered":"<p><strong>Ch\u00e2n s\u00fat h\u00e0ng \u0111\u1ea7u CLB Real Madrid- Ronaldo m\u1edbi \u0111\u00e2y \u0111\u00e3 d\u00e0nh nh\u1eefng l\u1eddi khen ng\u1ee3i \u0111\u1ebfn v\u1edbi ng\u01b0\u1eddi \u0111\u1ed3ng \u0111\u1ed9i v\u00e0 c\u0169ng l\u00e0 \u0111\u1ed3ng h\u01b0\u01a1ng c\u1ee7a anh, Fabio Coentrao.<\/strong><\/p>\n<p>Ronaldo v\u00e0 Coentrao t\u1eebng l\u00e0 b\u1ed9 \u0111\u00f4i thi \u0111\u1ea5u ch\u00ednh b\u00ean h\u00e0nh lang tr\u00e1i c\u1ee7a \u0110\u1ed9i tuy\u1ec3n B\u1ed3 \u0110\u00e0o Nha trong nhi\u1ec1u n\u0103m. Kh\u00f4ng ch\u1ec9 c\u00f3 v\u1eady, c\u1ea3 hai c\u0169ng l\u00e0 \u0111\u1ed3ng \u0111\u1ed9i c\u1ee7a nhau trong m\u00e0u \u00e1o Real Madrid t\u1eeb n\u0103m 2011 \u0111\u1ebfn th\u1eddi \u0111i\u1ec3m hi\u1ec7n t\u1ea1i. Ch\u00ednh v\u00ec th\u1ebf m\u00e0 hai ng\u00f4i sao n\u00e0y \u0111\u00e3 qu\u00e1 hi\u1ec3u nhau, kh\u00f4ng ch\u1ec9 \u1edf tr\u00ean s\u00e2n b\u00f3ng m\u00e0 c\u00f2n l\u00e0 m\u1ed9t \u0111\u00f4i b\u1ea1n th\u00e2n trong cu\u1ed9c s\u1ed1ng. M\u1edbi \u0111\u00e2y tr\u00ean trang Instagram c\u00e1 nh\u00e2n, ti\u1ec1n \u0111\u1ea1o t\u1eebng d\u00e0nh 5 Qu\u1ea3 b\u00f3ng v\u00e0ng Th\u1ebf gi\u1edbi- Cristiano Ronaldo \u0111\u00e3 \u0111\u0103ng t\u1ea3i b\u1ee9c \u1ea3nh anh \u0111ang t\u1eadp luy\u1ec7n c\u00f9ng Fabio Coentrao c\u00f9ng v\u1edbi d\u00f2ng tr\u1ea1ng th\u00e1i: &#8220;T\u1eadp 1-1 trong khu hu\u1ea5n luy\u1ec7n. Vui v\u1ebb c\u00f9ng m\u1ed9t trong nh\u1eefng h\u1eadu v\u1ec7 ch\u1eafc ch\u1eafn nh\u1ea5t th\u1ebf gi\u1edbi. Em trai t\u00f4i, Coentrao&#8221;.<br \/>\nCoentrao n\u0103m nay \u0111\u00e3 28 tu\u1ed5i. \u1ede m\u00f9a gi\u1ea3i n\u00e0y, anh kh\u00f4ng c\u00f2n gi\u1eef \u0111\u01b0\u1ee3c phong \u0111\u1ed9 \u0111\u1ec9nh cao v\u00e0 m\u1edbi ch\u1ec9 ra s\u00e2n 4 l\u1ea7n tr\u00ean t\u1ea5t c\u1ea3 c\u00e1c \u0111\u1ea5u tr\u01b0\u1eddng. \u0110\u00e2y c\u00f3 l\u1ebd l\u00e0 m\u00f9a gi\u1ea3i kh\u00f3 kh\u0103n nh\u1ea5t trong s\u1ef1 nghi\u1ec7p c\u1ee7a c\u1ea7u th\u1ee7 t\u1eebng ch\u01a1i cho As Monaco \u1edf m\u00f9a gi\u1ea3i tr\u01b0\u1edbc. Hy v\u1ecdng sau nh\u1eefng ph\u00fat gi\u00e2y vui v\u1ebb tr\u00ean s\u00e2n t\u1eadp c\u00f9ng CR7, Coentrao s\u1ebd t\u00ecm l\u1ea1i \u0111\u01b0\u1ee3c \u0111\u1eb3ng c\u1ea5p v\u1ed1n c\u00f3 c\u1ee7a anh trong giai \u0111o\u1ea1n quan tr\u1ecdng s\u1eafp t\u1edbi.<\/p>\n<p>&nbsp;<\/p>\n","protected":false},"excerpt":{"rendered":"<p>Ch\u00e2n s\u00fat h\u00e0ng \u0111\u1ea7u CLB Real Madrid- Ronaldo m\u1edbi \u0111\u00e2y \u0111\u00e3 d\u00e0nh nh\u1eefng l\u1eddi khen ng\u1ee3i \u0111\u1ebfn v\u1edbi ng\u01b0\u1eddi \u0111\u1ed3ng \u0111\u1ed9i v\u00e0 c\u0169ng l\u00e0 \u0111\u1ed3ng h\u01b0\u01a1ng c\u1ee7a anh, Fabio Coentrao. Ronaldo v\u00e0 Coentrao t\u1eebng l\u00e0 b\u1ed9 \u0111\u00f4i thi \u0111\u1ea5u ch\u00ednh b\u00ean h\u00e0nh lang tr\u00e1i c\u1ee7a \u0110\u1ed9i tuy\u1ec3n B\u1ed3 \u0110\u00e0o Nha trong nhi\u1ec1u n\u0103m. Kh\u00f4ng ch\u1ec9 c\u00f3 v\u1eady, c\u1ea3 hai c\u0169ng l\u00e0 \u0111\u1ed3ng \u0111\u1ed9i c\u1ee7a nhau trong m\u00e0u \u00e1o Real Madrid t\u1eeb n\u0103m 2011 \u0111\u1ebfn th\u1eddi \u0111i\u1ec3m hi\u1ec7n t\u1ea1i. Ch\u00ednh v\u00ec th\u1ebf m\u00e0 hai ng\u00f4i sao n\u00e0y \u0111\u00e3 qu\u00e1 hi\u1ec3u nhau, kh\u00f4ng ch\u1ec9 \u1edf tr\u00ean s\u00e2n b\u00f3ng m\u00e0 c\u00f2n l\u00e0 m\u1ed9t \u0111\u00f4i b\u1ea1n th\u00e2n trong cu\u1ed9c s\u1ed1ng. M\u1edbi \u0111\u00e2y tr\u00ean trang &hellip; <a href=\"https:\/\/football-tribe.com\/vietnam\/2017\/02\/03\/coentrao-la-mot-trong-nhung-hau-ve-hang-dau-the-gioi\/\" class=\"tribe-more-link\">Continue reading &#8220;C.Ronaldo: &#8220;Coentrao l\u00e0 m\u1ed9t trong nh\u1eefng h\u1eadu v\u1ec7 h\u00e0ng \u0111\u1ea7u th\u1ebf gi\u1edbi&#8221;&#8221;<\/a><\/p>\n","protected":false},"author":10,"featured_media":1072,"comment_status":"closed","ping_status":"open","sticky":false,"template":"","format":"standard","meta":{"footnotes":""},"categories":[105],"tags":[273,274,113,233,110],"class_list":["post-1069","post","type-post","status-publish","format-standard","has-post-thumbnail","hentry","category-cac-giai-dau-khac","tag-coentrao","tag-portugal","tag-real-madrid","tag-ronaldo","tag-slider"],"_links":{"self":[{"href":"https:\/\/football-tribe.com\/vietnam\/wp-json\/wp\/v2\/posts\/1069","targetHints":{"allow":["GET"]}}],"collection":[{"href":"https:\/\/football-tribe.com\/vietnam\/wp-json\/wp\/v2\/posts"}],"about":[{"href":"https:\/\/football-tribe.com\/vietnam\/wp-json\/wp\/v2\/types\/post"}],"author":[{"embeddable":true,"href":"https:\/\/football-tribe.com\/vietnam\/wp-json\/wp\/v2\/users\/10"}],"replies":[{"embeddable":true,"href":"https:\/\/football-tribe.com\/vietnam\/wp-json\/wp\/v2\/comments?post=1069"}],"version-history":[{"count":0,"href":"https:\/\/football-tribe.com\/vietnam\/wp-json\/wp\/v2\/posts\/1069\/revisions"}],"wp:featuredmedia":[{"embeddable":true,"href":"https:\/\/football-tribe.com\/vietnam\/wp-json\/wp\/v2\/media\/1072"}],"wp:attachment":[{"href":"https:\/\/football-tribe.com\/vietnam\/wp-json\/wp\/v2\/media?parent=1069"}],"wp:term":[{"taxonomy":"category","embeddable":true,"href":"https:\/\/football-tribe.com\/vietnam\/wp-json\/wp\/v2\/categories?post=1069"},{"taxonomy":"post_tag","embeddable":true,"href":"https:\/\/football-tribe.com\/vietnam\/wp-json\/wp\/v2\/tags?post=1069"}],"curies":[{"name":"wp","href":"https:\/\/api.w.org\/{rel}","templated":true}]}}